

{"id":10148,"date":"2023-05-02T11:51:24","date_gmt":"2023-05-02T09:51:24","guid":{"rendered":"http:\/\/fapacastello.com\/?p=10148\/"},"modified":"2023-05-02T11:54:12","modified_gmt":"2023-05-02T09:54:12","slug":"dia-internacional-contra-lassetjament-escolar","status":"publish","type":"post","link":"http:\/\/fapacastello.com\/es\/2023\/05\/02\/dia-internacional-contra-lassetjament-escolar\/","title":{"rendered":"D\u00eda Internacional contra el Acoso Escolar"},"content":{"rendered":"\n<p>La violencia entre iguales que se produce dentro y fuera de las aulas es uno de los temas que m\u00e1s preocupan tanto a las familias como al resto de la comunidad educativa por todo lo que comporta. Se trata de un tipo de violencia que, en la actualidad, no solo es f\u00edsica o verbal en el aula o fuera de ella, sino que, con las nuevas redes de comunicaci\u00f3n, puede llegar a acompa\u00f1ar a la v\u00edctima hasta casa. Las consecuencias del acoso no son pocas, y pueden acabar marcando la vida de los ni\u00f1os y ni\u00f1as para siempre, por eso es un tema que no podemos ignorar.<\/p>\n\n\n\n<div class=\"wp-container-5 wp-block-columns\">\n<div class=\"wp-container-1 wp-block-column\">\n<p>La FAMPA Castell\u00f3 Penyagolosa estamos muy sensibilizados con este tema y por este motivo siempre intentamos ser part\u00edcipes de todas aquellas actividades centradas en tratar de erradicar esta violencia tan com\u00fan a las aulas. Por eso mismo, el jueves y viernes de la semana pasada asistimos a las I Jornadas sobre el Acoso y Ciberacoso Escolar en Benicarl\u00f3, jornadas organizadas por las concejal\u00edas de Servicios Sociales y Pol\u00edticas Inclusivas y Educaci\u00f3n de la localidad con el objetivo de aportar conocimientos, buenas pr\u00e1cticas y experiencias que contribuyan a eliminar el acoso en el \u00e1mbito escolar en todos sus formatos.<\/p>\n<\/div>\n\n\n\n<div class=\"wp-container-4 wp-block-column\">\n<figure class=\"wp-container-3 wp-block-gallery-2 wp-block-gallery has-nested-images columns-default is-cropped\">\n<figure class=\"wp-block-image size-large\"><img loading=\"lazy\" width=\"1024\" height=\"682\" src=\"http:\/\/fapacastello.com\/wp-content\/uploads\/2023\/05\/WhatsApp-Image-2023-05-02-at-11.40.43-1024x682.jpeg\" alt=\"\" class=\"wp-image-10145\" srcset=\"http:\/\/fapacastello.com\/wp-content\/uploads\/2023\/05\/WhatsApp-Image-2023-05-02-at-11.40.43-1024x682.jpeg 1024w, http:\/\/fapacastello.com\/wp-content\/uploads\/2023\/05\/WhatsApp-Image-2023-05-02-at-11.40.43-300x200.jpeg 300w, http:\/\/fapacastello.com\/wp-content\/uploads\/2023\/05\/WhatsApp-Image-2023-05-02-at-11.40.43-768x512.jpeg 768w, http:\/\/fapacastello.com\/wp-content\/uploads\/2023\/05\/WhatsApp-Image-2023-05-02-at-11.40.43-1536x1023.jpeg 1536w, http:\/\/fapacastello.com\/wp-content\/uploads\/2023\/05\/WhatsApp-Image-2023-05-02-at-11.40.43-219x146.jpeg 219w, http:\/\/fapacastello.com\/wp-content\/uploads\/2023\/05\/WhatsApp-Image-2023-05-02-at-11.40.43-50x33.jpeg 50w, http:\/\/fapacastello.com\/wp-content\/uploads\/2023\/05\/WhatsApp-Image-2023-05-02-at-11.40.43-113x75.jpeg 113w, http:\/\/fapacastello.com\/wp-content\/uploads\/2023\/05\/WhatsApp-Image-2023-05-02-at-11.40.43.jpeg 1600w\" sizes=\"(max-width: 1024px) 100vw, 1024px\" \/><\/figure>\n<\/figure>\n<\/div>\n<\/div>\n\n\n\n<p>Desde la federaci\u00f3n tenemos m\u00e1s que claro que la educaci\u00f3n en valores universales y c\u00edvicos es tanto o m\u00e1s importante como los contenidos curriculares. El acoso escolar se puede prevenir desde la educaci\u00f3n en valores, desde la educaci\u00f3n emocional y desde la resoluci\u00f3n de conflictos desde los primeros momentos de socializaci\u00f3n en la etapa infantil. Todos estos valores, ense\u00f1ados desde la ni\u00f1ez tanto en casa como en la escuela, promover\u00e1n el desarrollo de habilidades sociales y emocionales en los ni\u00f1os y ni\u00f1as que les ayudar\u00e1n a identificar sus propias emociones y las emociones de los otros, a desarrollar habilidades de resoluci\u00f3n de conflictos y a fomentar la empat\u00eda y el respeto por los otros, entre otros.<\/p>\n\n\n\n<div class=\"wp-container-8 wp-block-columns\">\n<div class=\"wp-container-6 wp-block-column\">\n<figure class=\"wp-block-image size-large\"><img loading=\"lazy\" width=\"819\" height=\"1024\" src=\"http:\/\/fapacastello.com\/wp-content\/uploads\/2023\/04\/2-1-819x1024.jpg\" alt=\"\" class=\"wp-image-10019\" srcset=\"http:\/\/fapacastello.com\/wp-content\/uploads\/2023\/04\/2-1-819x1024.jpg 819w, http:\/\/fapacastello.com\/wp-content\/uploads\/2023\/04\/2-1-240x300.jpg 240w, http:\/\/fapacastello.com\/wp-content\/uploads\/2023\/04\/2-1-768x960.jpg 768w, http:\/\/fapacastello.com\/wp-content\/uploads\/2023\/04\/2-1-117x146.jpg 117w, http:\/\/fapacastello.com\/wp-content\/uploads\/2023\/04\/2-1-40x50.jpg 40w, http:\/\/fapacastello.com\/wp-content\/uploads\/2023\/04\/2-1-60x75.jpg 60w, http:\/\/fapacastello.com\/wp-content\/uploads\/2023\/04\/2-1-300x375.jpg 300w, http:\/\/fapacastello.com\/wp-content\/uploads\/2023\/04\/2-1.jpg 1080w\" sizes=\"(max-width: 819px) 100vw, 819px\" \/><\/figure>\n<\/div>\n\n\n\n<div class=\"wp-container-7 wp-block-column\">\n<p>Tambi\u00e9n consideramos que, para luchar efectivamente contra el acoso es imprescindible la coordinaci\u00f3n y colaboraci\u00f3n entre la familia y la escuela. Las dos partes tienen que trabajar juntas para detectar, prevenir y abordar este tipo de comportamientos nocivos entre iguales. Es por eso que desde la federaci\u00f3n vemos primordial la implementaci\u00f3n de programas de sensibilizaci\u00f3n y formaci\u00f3n, tambi\u00e9n para familias, el establecimiento de canales de comunicaci\u00f3n efectivos entre la escuela y la familia y la realizaci\u00f3n de actividades conjuntas para fomentar la convivencia y el respeto entre los estudiantes. Con este objetivo tenemos programadas varias formaciones y talleres para las familias, como la formaci\u00f3n \u00abSTOP al acoso escolar\u00bb, impartida por la formadora y psic\u00f3loga Suni Marmaneu, que tendr\u00e1 lugar de manera en l\u00ednea esta tarde a las 18 h y que tambi\u00e9n est\u00e1 disponible para ser solicitada por las AMPA que lo desean.<\/p>\n<\/div>\n<\/div>\n\n\n\n<p>En definitiva, la lucha contra el acoso escolar es una tarea que nos concierne a todos y todas. Tenemos que trabajar conjuntamente para crear entornos educativos seguros y respetuosos, donde los ni\u00f1os y ni\u00f1as puedan crecer y aprender sin miedo ni intimidaci\u00f3n. Para conseguirlo, hace falta implicaci\u00f3n y compromiso por parte de todos los miembros de la comunidad educativa, y tambi\u00e9n hay que poner el \u00e9nfasis en la educaci\u00f3n en valores.<\/p>\n","protected":false},"excerpt":{"rendered":"<p>La FAMPA Castell\u00f3 Penyagolosa contra el Acoso Escolar en el D\u00eda Internacional contra el Acoso Escolar.<\/p>\n","protected":false},"author":10,"featured_media":10142,"comment_status":"closed","ping_status":"closed","sticky":false,"template":"","format":"standard","meta":[],"categories":[527],"tags":[],"yoast_head":"<!-- This site is optimized with the Yoast SEO plugin v19.2 - https:\/\/yoast.com\/wordpress\/plugins\/seo\/ -->\n<title>D\u00eda Internacional contra el Acoso Escolar<\/title>\n<meta name=\"description\" content=\"La FAMPA Castell\u00f3 Penyagolosa contra el Acoso Escolar en el D\u00eda Internacional contra el Acoso Escolar (2 de mayo)\" \/>\n<meta name=\"robots\" content=\"index, follow, max-snippet:-1, max-image-preview:large, max-video-preview:-1\" \/>\n<link rel=\"canonical\" href=\"https:\/\/fapacastello.com\/es\/2023\/05\/02\/dia-internacional-contra-lassetjament-escolar\/\" \/>\n<meta property=\"og:locale\" content=\"es_ES\" \/>\n<meta property=\"og:type\" content=\"article\" \/>\n<meta property=\"og:title\" content=\"D\u00eda Internacional contra el Acoso Escolar\" \/>\n<meta property=\"og:description\" content=\"La FAMPA Castell\u00f3 Penyagolosa contra el Acoso Escolar en el D\u00eda Internacional contra el Acoso Escolar (2 de mayo)\" \/>\n<meta property=\"og:url\" content=\"https:\/\/fapacastello.com\/es\/2023\/05\/02\/dia-internacional-contra-lassetjament-escolar\/\" \/>\n<meta property=\"og:site_name\" content=\"FAMPA Castell\u00f3 Penyagolosa\" \/>\n<meta property=\"article:publisher\" content=\"http:\/\/www.facebook.com\/fapa.penyagolosa\" \/>\n<meta property=\"article:published_time\" content=\"2023-05-02T09:51:24+00:00\" \/>\n<meta property=\"article:modified_time\" content=\"2023-05-02T09:54:12+00:00\" \/>\n<meta property=\"og:image\" content=\"https:\/\/fapacastello.com\/wp-content\/uploads\/2023\/05\/BANNERS-WEB.jpg\" \/>\n\t<meta property=\"og:image:width\" content=\"2000\" \/>\n\t<meta property=\"og:image:height\" content=\"875\" \/>\n\t<meta property=\"og:image:type\" content=\"image\/jpeg\" \/>\n<meta name=\"author\" content=\"Raquel Garc\u00eda\" \/>\n<meta name=\"twitter:card\" content=\"summary\" \/>\n<meta name=\"twitter:creator\" content=\"@FAMPACS\" \/>\n<meta name=\"twitter:site\" content=\"@FAMPACS\" \/>\n<meta name=\"twitter:label1\" content=\"Escrito por\" \/>\n\t<meta name=\"twitter:data1\" content=\"Raquel Garc\u00eda\" \/>\n\t<meta name=\"twitter:label2\" content=\"Tiempo de lectura\" \/>\n\t<meta name=\"twitter:data2\" content=\"4 minutos\" \/>\n<script type=\"application\/ld+json\" class=\"yoast-schema-graph\">{\"@context\":\"https:\/\/schema.org\",\"@graph\":[{\"@type\":\"WebSite\",\"@id\":\"http:\/\/fapacastello.com\/es\/#website\",\"url\":\"http:\/\/fapacastello.com\/es\/\",\"name\":\"FAMPA Castell\u00f3 Penyagolosa\",\"description\":\"Fapa-Castell\u00f3n Penyagolosa. Federaci\u00f3n de Asociaciones de Padres i Madres de Alumnos Provincia de Castell\u00f3n.\",\"potentialAction\":[{\"@type\":\"SearchAction\",\"target\":{\"@type\":\"EntryPoint\",\"urlTemplate\":\"http:\/\/fapacastello.com\/es\/?s={search_term_string}\"},\"query-input\":\"required name=search_term_string\"}],\"inLanguage\":\"es\"},{\"@type\":\"ImageObject\",\"inLanguage\":\"es\",\"@id\":\"https:\/\/fapacastello.com\/es\/2023\/05\/02\/dia-internacional-contra-lassetjament-escolar\/#primaryimage\",\"url\":\"http:\/\/fapacastello.com\/wp-content\/uploads\/2023\/05\/BANNERS-WEB.jpg\",\"contentUrl\":\"http:\/\/fapacastello.com\/wp-content\/uploads\/2023\/05\/BANNERS-WEB.jpg\",\"width\":2000,\"height\":875},{\"@type\":\"WebPage\",\"@id\":\"https:\/\/fapacastello.com\/es\/2023\/05\/02\/dia-internacional-contra-lassetjament-escolar\/#webpage\",\"url\":\"https:\/\/fapacastello.com\/es\/2023\/05\/02\/dia-internacional-contra-lassetjament-escolar\/\",\"name\":\"D\u00eda Internacional contra el Acoso Escolar\",\"isPartOf\":{\"@id\":\"http:\/\/fapacastello.com\/es\/#website\"},\"primaryImageOfPage\":{\"@id\":\"https:\/\/fapacastello.com\/es\/2023\/05\/02\/dia-internacional-contra-lassetjament-escolar\/#primaryimage\"},\"datePublished\":\"2023-05-02T09:51:24+00:00\",\"dateModified\":\"2023-05-02T09:54:12+00:00\",\"author\":{\"@id\":\"http:\/\/fapacastello.com\/es\/#\/schema\/person\/91d59e41a269f5dee4a303027882f840\"},\"description\":\"La FAMPA Castell\u00f3 Penyagolosa contra el Acoso Escolar en el D\u00eda Internacional contra el Acoso Escolar (2 de mayo)\",\"breadcrumb\":{\"@id\":\"https:\/\/fapacastello.com\/es\/2023\/05\/02\/dia-internacional-contra-lassetjament-escolar\/#breadcrumb\"},\"inLanguage\":\"es\",\"potentialAction\":[{\"@type\":\"ReadAction\",\"target\":[\"https:\/\/fapacastello.com\/es\/2023\/05\/02\/dia-internacional-contra-lassetjament-escolar\/\"]}]},{\"@type\":\"BreadcrumbList\",\"@id\":\"https:\/\/fapacastello.com\/es\/2023\/05\/02\/dia-internacional-contra-lassetjament-escolar\/#breadcrumb\",\"itemListElement\":[{\"@type\":\"ListItem\",\"position\":1,\"name\":\"Portada\",\"item\":\"http:\/\/fapacastello.com\/es\/\"},{\"@type\":\"ListItem\",\"position\":2,\"name\":\"D\u00eda Internacional contra el Acoso Escolar\"}]},{\"@type\":\"Person\",\"@id\":\"http:\/\/fapacastello.com\/es\/#\/schema\/person\/91d59e41a269f5dee4a303027882f840\",\"name\":\"Raquel Garc\u00eda\",\"image\":{\"@type\":\"ImageObject\",\"inLanguage\":\"es\",\"@id\":\"http:\/\/fapacastello.com\/es\/#\/schema\/person\/image\/\",\"url\":\"http:\/\/2.gravatar.com\/avatar\/55ba383e1db6bbbe8adcbe85e4cbe60d?s=96&d=mm&r=g\",\"contentUrl\":\"http:\/\/2.gravatar.com\/avatar\/55ba383e1db6bbbe8adcbe85e4cbe60d?s=96&d=mm&r=g\",\"caption\":\"Raquel Garc\u00eda\"},\"url\":\"http:\/\/fapacastello.com\/es\/author\/socraquel\/\"}]}<\/script>\n<!-- \/ Yoast SEO plugin. -->","yoast_head_json":{"title":"D\u00eda Internacional contra el Acoso Escolar","description":"La FAMPA Castell\u00f3 Penyagolosa contra el Acoso Escolar en el D\u00eda Internacional contra el Acoso Escolar (2 de mayo)","robots":{"index":"index","follow":"follow","max-snippet":"max-snippet:-1","max-image-preview":"max-image-preview:large","max-video-preview":"max-video-preview:-1"},"canonical":"https:\/\/fapacastello.com\/es\/2023\/05\/02\/dia-internacional-contra-lassetjament-escolar\/","og_locale":"es_ES","og_type":"article","og_title":"D\u00eda Internacional contra el Acoso Escolar","og_description":"La FAMPA Castell\u00f3 Penyagolosa contra el Acoso Escolar en el D\u00eda Internacional contra el Acoso Escolar (2 de mayo)","og_url":"https:\/\/fapacastello.com\/es\/2023\/05\/02\/dia-internacional-contra-lassetjament-escolar\/","og_site_name":"FAMPA Castell\u00f3 Penyagolosa","article_publisher":"http:\/\/www.facebook.com\/fapa.penyagolosa","article_published_time":"2023-05-02T09:51:24+00:00","article_modified_time":"2023-05-02T09:54:12+00:00","og_image":[{"width":2000,"height":875,"url":"https:\/\/fapacastello.com\/wp-content\/uploads\/2023\/05\/BANNERS-WEB.jpg","type":"image\/jpeg"}],"author":"Raquel Garc\u00eda","twitter_card":"summary","twitter_creator":"@FAMPACS","twitter_site":"@FAMPACS","twitter_misc":{"Escrito por":"Raquel Garc\u00eda","Tiempo de lectura":"4 minutos"},"schema":{"@context":"https:\/\/schema.org","@graph":[{"@type":"WebSite","@id":"http:\/\/fapacastello.com\/es\/#website","url":"http:\/\/fapacastello.com\/es\/","name":"FAMPA Castell\u00f3 Penyagolosa","description":"Fapa-Castell\u00f3n Penyagolosa. Federaci\u00f3n de Asociaciones de Padres i Madres de Alumnos Provincia de Castell\u00f3n.","potentialAction":[{"@type":"SearchAction","target":{"@type":"EntryPoint","urlTemplate":"http:\/\/fapacastello.com\/es\/?s={search_term_string}"},"query-input":"required name=search_term_string"}],"inLanguage":"es"},{"@type":"ImageObject","inLanguage":"es","@id":"https:\/\/fapacastello.com\/es\/2023\/05\/02\/dia-internacional-contra-lassetjament-escolar\/#primaryimage","url":"http:\/\/fapacastello.com\/wp-content\/uploads\/2023\/05\/BANNERS-WEB.jpg","contentUrl":"http:\/\/fapacastello.com\/wp-content\/uploads\/2023\/05\/BANNERS-WEB.jpg","width":2000,"height":875},{"@type":"WebPage","@id":"https:\/\/fapacastello.com\/es\/2023\/05\/02\/dia-internacional-contra-lassetjament-escolar\/#webpage","url":"https:\/\/fapacastello.com\/es\/2023\/05\/02\/dia-internacional-contra-lassetjament-escolar\/","name":"D\u00eda Internacional contra el Acoso Escolar","isPartOf":{"@id":"http:\/\/fapacastello.com\/es\/#website"},"primaryImageOfPage":{"@id":"https:\/\/fapacastello.com\/es\/2023\/05\/02\/dia-internacional-contra-lassetjament-escolar\/#primaryimage"},"datePublished":"2023-05-02T09:51:24+00:00","dateModified":"2023-05-02T09:54:12+00:00","author":{"@id":"http:\/\/fapacastello.com\/es\/#\/schema\/person\/91d59e41a269f5dee4a303027882f840"},"description":"La FAMPA Castell\u00f3 Penyagolosa contra el Acoso Escolar en el D\u00eda Internacional contra el Acoso Escolar (2 de mayo)","breadcrumb":{"@id":"https:\/\/fapacastello.com\/es\/2023\/05\/02\/dia-internacional-contra-lassetjament-escolar\/#breadcrumb"},"inLanguage":"es","potentialAction":[{"@type":"ReadAction","target":["https:\/\/fapacastello.com\/es\/2023\/05\/02\/dia-internacional-contra-lassetjament-escolar\/"]}]},{"@type":"BreadcrumbList","@id":"https:\/\/fapacastello.com\/es\/2023\/05\/02\/dia-internacional-contra-lassetjament-escolar\/#breadcrumb","itemListElement":[{"@type":"ListItem","position":1,"name":"Portada","item":"http:\/\/fapacastello.com\/es\/"},{"@type":"ListItem","position":2,"name":"D\u00eda Internacional contra el Acoso Escolar"}]},{"@type":"Person","@id":"http:\/\/fapacastello.com\/es\/#\/schema\/person\/91d59e41a269f5dee4a303027882f840","name":"Raquel Garc\u00eda","image":{"@type":"ImageObject","inLanguage":"es","@id":"http:\/\/fapacastello.com\/es\/#\/schema\/person\/image\/","url":"http:\/\/2.gravatar.com\/avatar\/55ba383e1db6bbbe8adcbe85e4cbe60d?s=96&d=mm&r=g","contentUrl":"http:\/\/2.gravatar.com\/avatar\/55ba383e1db6bbbe8adcbe85e4cbe60d?s=96&d=mm&r=g","caption":"Raquel Garc\u00eda"},"url":"http:\/\/fapacastello.com\/es\/author\/socraquel\/"}]}},"_links":{"self":[{"href":"http:\/\/fapacastello.com\/es\/wp-json\/wp\/v2\/posts\/10148"}],"collection":[{"href":"http:\/\/fapacastello.com\/es\/wp-json\/wp\/v2\/posts"}],"about":[{"href":"http:\/\/fapacastello.com\/es\/wp-json\/wp\/v2\/types\/post"}],"author":[{"embeddable":true,"href":"http:\/\/fapacastello.com\/es\/wp-json\/wp\/v2\/users\/10"}],"replies":[{"embeddable":true,"href":"http:\/\/fapacastello.com\/es\/wp-json\/wp\/v2\/comments?post=10148"}],"version-history":[{"count":2,"href":"http:\/\/fapacastello.com\/es\/wp-json\/wp\/v2\/posts\/10148\/revisions"}],"predecessor-version":[{"id":10151,"href":"http:\/\/fapacastello.com\/es\/wp-json\/wp\/v2\/posts\/10148\/revisions\/10151"}],"wp:featuredmedia":[{"embeddable":true,"href":"http:\/\/fapacastello.com\/es\/wp-json\/wp\/v2\/media\/10142"}],"wp:attachment":[{"href":"http:\/\/fapacastello.com\/es\/wp-json\/wp\/v2\/media?parent=10148"}],"wp:term":[{"taxonomy":"category","embeddable":true,"href":"http:\/\/fapacastello.com\/es\/wp-json\/wp\/v2\/categories?post=10148"},{"taxonomy":"post_tag","embeddable":true,"href":"http:\/\/fapacastello.com\/es\/wp-json\/wp\/v2\/tags?post=10148"}],"curies":[{"name":"wp","href":"https:\/\/api.w.org\/{rel}","templated":true}]}}