

{"id":10546,"date":"2023-07-05T13:37:52","date_gmt":"2023-07-05T11:37:52","guid":{"rendered":"http:\/\/fapacastello.com\/?p=10546\/"},"modified":"2023-07-05T13:54:44","modified_gmt":"2023-07-05T11:54:44","slug":"calendari-escolar-2023-2024","status":"publish","type":"post","link":"http:\/\/fapacastello.com\/es\/2023\/07\/05\/calendari-escolar-2023-2024\/","title":{"rendered":"Calendari escolar 2023-2024"},"content":{"rendered":"\n<p>Queridas familias, <a href=\"https:\/\/ceice.gva.es\/va\/web\/innovacion-calidad\/calendari-escolar?fbclid=IwAR1aTUgVn76CANUaTSWHstSGMRXdLZGfhBKpFO2aCy_zhoTff-34IGs00Yg\">la concejal\u00eda de Educaci\u00f3n, Cultura y Deporte ha publicado el calendario escolar para el pr\u00f3ximo curso.<\/a> A continuaci\u00f3n pod\u00e9is ver el listado de todos los d\u00edas escolares destacados y festivos.<\/p>\n\n\n\n<div style=\"height:45px\" aria-hidden=\"true\" class=\"wp-block-spacer\"><\/div>\n\n\n\n<h2>D\u00edas escolares destacados<\/h2>\n\n\n\n<ul><li><strong>11 de septiembre: <\/strong>Inicio de curso para el alumnado de Infantil, Primaria, ESO, Bachillerato y Formaci\u00f3n Profesional, tanto en FP B\u00e1sica (FPB) como en las titulaciones de grado mediano y superior.<\/li><li><strong>13 de septiembre: <\/strong>Inicio de curso programas formativos de calificaci\u00f3n b\u00e1sica (PFQB) y el de FPB de segunda oportunidad.<\/li><li><strong>18 de septiembre:<\/strong> Inicio en Formaci\u00f3n de Personas Adultas.<\/li><li><strong>20 de septiembre:<\/strong> Inicio de ense\u00f1anzas art\u00edsticas de m\u00fasica y danza, elementales y profesionales; ense\u00f1anzas profesionales de artes pl\u00e1sticas y dise\u00f1o, y ense\u00f1anzas deportivas de r\u00e9gimen especial.<\/li><li><strong>25 de septiembre: <\/strong>Inicio curso EOI.<\/li><li><strong>19 de junio:<\/strong> Fin de ense\u00f1anzas art\u00edsticas de m\u00fasica y danza, elementales y profesionales; ense\u00f1anzas profesionales de artes pl\u00e1sticas y dise\u00f1o, y ense\u00f1anzas deportivas de r\u00e9gimen especial y Formaci\u00f3n de Personas Adultas.<\/li><li><strong>21 de junio:<\/strong> Fin de curso para el alumnado de Infantil, Primaria, ESO, Bachillerato y Formaci\u00f3n Profesional, programas formativos de calificaci\u00f3n b\u00e1sica (PFQB) y el de FPB de segunda oportunidad y EOl y de Escuelas Oficiales de Idiomas.<\/li><\/ul>\n\n\n\n<div style=\"height:45px\" aria-hidden=\"true\" class=\"wp-block-spacer\"><\/div>\n\n\n\n<h2>Festivos y periodos de vacaciones:<\/h2>\n\n\n\n<ul><li><strong>9 de octubre<\/strong>, Di\u0301a de la Comunitat Valenciana<\/li><li><strong>12 de octubre<\/strong>, Fiesta Nacional de Espan\u0303a<\/li><li><strong>1 de noviembre<\/strong>, Fiesta de Todos los Santos<\/li><li><strong>6 de diciembre<\/strong>, Di\u0301a de la Constitucio\u0301n<\/li><li><strong>8 de diciembre<\/strong>, Di\u0301a de la Inmaculada Concepcio\u0301n<\/li><li><strong>19 de marzo<\/strong>, Di\u0301a de San Jose\u0301<\/li><li><strong>1 de mayo<\/strong>, Di\u0301a Internacional de los Trabajadores<\/li><\/ul>\n\n\n\n<ul><li>Vacaciones de Navidad: 23\/12\/2023 &#8211; 07\/01\/2024, los dos inclusivamente<\/li><li>Vacaciones de Pascua: 28\/03\/2024 &#8211; 08\/04\/2024, los dos inclusivamente<\/li><\/ul>\n\n\n\n<div style=\"height:46px\" aria-hidden=\"true\" class=\"wp-block-spacer\"><\/div>\n\n\n\n<figure class=\"wp-block-image size-large\"><img loading=\"lazy\" width=\"1024\" height=\"491\" src=\"http:\/\/fapacastello.com\/wp-content\/uploads\/2023\/07\/calend-esco-1024x491.jpg\" alt=\"\" class=\"wp-image-10529\" srcset=\"http:\/\/fapacastello.com\/wp-content\/uploads\/2023\/07\/calend-esco-1024x491.jpg 1024w, http:\/\/fapacastello.com\/wp-content\/uploads\/2023\/07\/calend-esco-300x144.jpg 300w, http:\/\/fapacastello.com\/wp-content\/uploads\/2023\/07\/calend-esco-768x368.jpg 768w, http:\/\/fapacastello.com\/wp-content\/uploads\/2023\/07\/calend-esco-1536x737.jpg 1536w, http:\/\/fapacastello.com\/wp-content\/uploads\/2023\/07\/calend-esco-2048x982.jpg 2048w, http:\/\/fapacastello.com\/wp-content\/uploads\/2023\/07\/calend-esco-260x125.jpg 260w, http:\/\/fapacastello.com\/wp-content\/uploads\/2023\/07\/calend-esco-50x24.jpg 50w, http:\/\/fapacastello.com\/wp-content\/uploads\/2023\/07\/calend-esco-150x72.jpg 150w\" sizes=\"(max-width: 1024px) 100vw, 1024px\" \/><\/figure>\n\n\n\n<div style=\"height:45px\" aria-hidden=\"true\" class=\"wp-block-spacer\"><\/div>\n\n\n\n<p>A continuaci\u00f3n os dejamos tambi\u00e9n los d\u00edas conmemorativos m\u00e1s destacados en el \u00e1mbito de inclusi\u00f3n, cultura, ciencia o medio ambiente.<\/p>\n\n\n\n<figure class=\"wp-block-image size-large\"><img loading=\"lazy\" width=\"1024\" height=\"578\" src=\"http:\/\/fapacastello.com\/wp-content\/uploads\/2023\/07\/Captura-de-pantalla-2023-07-05-a-las-13.18.49-1024x578.png\" alt=\"\" class=\"wp-image-10531\" srcset=\"http:\/\/fapacastello.com\/wp-content\/uploads\/2023\/07\/Captura-de-pantalla-2023-07-05-a-las-13.18.49-1024x578.png 1024w, http:\/\/fapacastello.com\/wp-content\/uploads\/2023\/07\/Captura-de-pantalla-2023-07-05-a-las-13.18.49-300x169.png 300w, http:\/\/fapacastello.com\/wp-content\/uploads\/2023\/07\/Captura-de-pantalla-2023-07-05-a-las-13.18.49-768x434.png 768w, http:\/\/fapacastello.com\/wp-content\/uploads\/2023\/07\/Captura-de-pantalla-2023-07-05-a-las-13.18.49-1536x867.png 1536w, http:\/\/fapacastello.com\/wp-content\/uploads\/2023\/07\/Captura-de-pantalla-2023-07-05-a-las-13.18.49-2048x1157.png 2048w, http:\/\/fapacastello.com\/wp-content\/uploads\/2023\/07\/Captura-de-pantalla-2023-07-05-a-las-13.18.49-260x146.png 260w, http:\/\/fapacastello.com\/wp-content\/uploads\/2023\/07\/Captura-de-pantalla-2023-07-05-a-las-13.18.49-50x28.png 50w, http:\/\/fapacastello.com\/wp-content\/uploads\/2023\/07\/Captura-de-pantalla-2023-07-05-a-las-13.18.49-133x75.png 133w\" sizes=\"(max-width: 1024px) 100vw, 1024px\" \/><\/figure>\n\n\n\n<div style=\"height:45px\" aria-hidden=\"true\" class=\"wp-block-spacer\"><\/div>\n\n\n\n<h2 class=\"has-vivid-purple-color has-text-color\">Inclusi\u00f3n, igualdad y convivencia<\/h2>\n\n\n\n<ul><li>28 de septiembre: D\u00eda Internacional de la Sordera<\/li><li>17 de octubre: D\u00eda Internacional para la Erradicaci\u00f3n de la Pobreza<\/li><li>20 de noviembre: D\u00eda Universal de los Derechos de la Infancia<\/li><li>25 de noviembre: D\u00eda Internacional de la Eliminaci\u00f3n de la Violencia contra las Mujeres<\/li><li>3 de diciembre: D\u00eda Internacional de las Personas con Discapacidad<\/li><li>4 de enero: D\u00eda Mundial del Braille<\/li><li>30 de enero: D\u00eda Mundial de la No-Violencia y la Paz<\/li><li>8 de marzo: D\u00eda Internacional de las Mujeres<\/li><li>2 de abril: D\u00eda Mundial de Concienciaci\u00f3n sobre el Autismo<\/li><li>12 de junio: D\u00eda Mundial contra el Trabajo Infantil<\/li><li>20 de junio: D\u00eda Mundial de los Refugiados<\/li><li>28 de junio: D\u00eda del Orgullo LGTBI<\/li><\/ul>\n\n\n\n<div style=\"height:45px\" aria-hidden=\"true\" class=\"wp-block-spacer\"><\/div>\n\n\n\n<h2 class=\"has-vivid-red-color has-text-color\">Artes y cultura<\/h2>\n\n\n\n<ul><li>15 de noviembre: D\u00eda Mundial de la Filosof\u00eda<\/li><li>22 de noviembre: D\u00eda Internacional de la M\u00fasica<\/li><li>24 de enero: D\u00eda Internacional de la Educaci\u00f3n<\/li><li>21 de marzo: D\u00eda Mundial de la Poes\u00eda y D\u00eda Mundial del T\u00edtere<\/li><li>27 de marzo: D\u00eda Mundial del Teatro<\/li><li>2 de abril: D\u00eda Internacional del Libro Infantil<\/li><li>21 de abril: D\u00eda Mundial de la Creatividad y la Innovaci\u00f3n<\/li><li>23 de abril: D\u00eda Mundial del Libro y de los Derechos de Autor\u00eda<\/li><li>29 de abril: D\u00eda Internacional de la Danza<\/li><li>18 de mayo: D\u00eda de los Museos<\/li><li>21 de mayo: D\u00eda Mundial de la Diversidad Cultural por el Di\u00e1logo y el Desarrollo<\/li><\/ul>\n\n\n\n<div style=\"height:46px\" aria-hidden=\"true\" class=\"wp-block-spacer\"><\/div>\n\n\n\n<h2 class=\"has-vivid-cyan-blue-color has-text-color\">Salud<\/h2>\n\n\n\n<ul><li>21 de septiembre: D\u00eda Internacional del Alzheimer<\/li><li>16 de octubre: D\u00eda Mundial de la Alimentaci\u00f3n Saludable<\/li><li>14 de noviembre: D\u00eda Mundial de la Diabetes<\/li><li>1 de diciembre: D\u00eda Mundial de la Lucha contra el SIDA<\/li><li>28 de febrero: D\u00eda Mundial de las Enfermedades Minoritarias<\/li><li>6 de abril: D\u00eda del Deporte<\/li><li>7 de abril: D\u00eda Mundial de la Salud<\/li><li>13 de mayo: D\u00eda del Ni\u00f1o\/a Hospitalizado<\/li><li>31 de mayo: D\u00eda Mundial sin Tabaco y D\u00eda Mundial de la Esclerosis M\u00faltiple<\/li><li>14 de junio: D\u00eda Mundial del Donante de Sangre<\/li><\/ul>\n\n\n\n<div style=\"height:45px\" aria-hidden=\"true\" class=\"wp-block-spacer\"><\/div>\n\n\n\n<h2 class=\"has-luminous-vivid-orange-color has-text-color\">Pluriling\u00fcismo e interculturalidad<\/h2>\n\n\n\n<ul><li>8 de septiembre: D\u00eda Internacional de la Alfabetizaci\u00f3n<\/li><li>23 de septiembre: D\u00eda Internacional de las Lenguas de Signos<\/li><li>26 de septiembre: D\u00eda Europeo de las Lenguas<\/li><li>24 de octubre: D\u00eda de las Bibliotecas<\/li><li>5 de noviembre: D\u00eda de la Lengua Roman\u00ed<\/li><li>20 de noviembre: D\u00eda del Libro Valenciano<\/li><li>23 de noviembre: Cumplea\u00f1os de la Ley de Uso y Ense\u00f1anza del Valenciano<\/li><li>4 de diciembre: D\u00eda de los Derechos Ling\u00fc\u00edsticos<\/li><li>18 de diciembre: D\u00eda Internacional del Migrante<\/li><li>8 de abril: D\u00eda Internacional del Pueblo Gitano<\/li><\/ul>\n\n\n\n<div style=\"height:45px\" aria-hidden=\"true\" class=\"wp-block-spacer\"><\/div>\n\n\n\n<h2 class=\"has-vivid-green-cyan-color has-text-color\">Ciencia, sostenibilidad y medio ambiente<\/h2>\n\n\n\n<ul><li>4 de octubre: D\u00eda Mundial de los Animales<\/li><li>31 de enero: D\u00eda del \u00c1rbol<\/li><li>11 de febrero: D\u00eda Internacional de la Mujer y de la Ni\u00f1a en la Ciencia<\/li><li>14 de febrero: D\u00eda Mundial de la Energ\u00eda<\/li><li>22 de marzo: D\u00eda Mundial del Agua<\/li><li>28 de marzo: La Hora del Planeta<\/li><li>13 de mayo: D\u00eda del Comercio Justo<\/li><li>17 de mayo: D\u00eda Mundial del Reciclaje<\/li><li>3 de junio: D\u00eda Mundial de la Bicicleta<\/li><li>5 de junio: D\u00eda Mundial del Medio Ambiente<\/li><\/ul>\n\n\n\n<div style=\"height:44px\" aria-hidden=\"true\" class=\"wp-block-spacer\"><\/div>\n\n\n\n<h2 class=\"has-luminous-vivid-amber-color has-text-color\">Ciudadan\u00eda y participaci\u00f3n<\/h2>\n\n\n\n<ul><li>15 de septiembre: D\u00eda Internacional de la Democracia<\/li><li>5 de octubre: D\u00eda Mundial de los Docentes<\/li><li>28 de octubre: D\u00eda Internacional del Acceso Universal a la Informaci\u00f3n<\/li><li>30 de noviembre: D\u00eda de la Ciudad Educadora<\/li><li>5 de diciembre: D\u00eda Internacional del Voluntariado por el Desarrollo Econ\u00f3mico y Social<\/li><li>10 de diciembre: D\u00eda de los Derechos Humanos<\/li><li>27 de febrero: D\u00eda Mundial de las ONG<\/li><li>21 de marzo: D\u00eda Internacional de la Eliminaci\u00f3n de la Discriminaci\u00f3n Racial<\/li><li>25 de abril: Conmemoraci\u00f3n de la Batalla de Almansa. D\u00eda de las Cortes Valencianas<\/li><li>1 de mayo: D\u00eda Mundial del Trabajo<\/li><li>3 de mayo: D\u00eda Mundial de la Libertad de Prensa<\/li><\/ul>\n\n\n\n<div style=\"height:45px\" aria-hidden=\"true\" class=\"wp-block-spacer\"><\/div>\n\n\n\n<h2>M\u00e1s informaci\u00f3n:<\/h2>\n\n\n\n<p><strong>Para obtener m\u00e1s informaci\u00f3n sobre el calendario escolar:<\/strong><\/p>\n\n\n\n<ul><li><a href=\"https:\/\/mcusercontent.com\/eb19a5df080adbaa0f3f79e97\/files\/11a1fd27-80e1-2a3c-675e-d6e74d12ae16\/2023_06_14_Resolucio_calendiari_escolar_curs_23_24.01.pdf?fbclid=IwAR1tKI_KjBknu5IyxnbUvMBhwj9thQF8dJCTjscXTTENg_qHj2oLHenHWvM\">RESOLUCI\u00d3 de 14 de juny de 2023, del director general de Centres Docents, per la qual es fixa el calendari escolar del curs acad\u00e8mic 2023-2024 a la Comunitat Valenciana.<\/a><\/li><li><a href=\"https:\/\/ceice.gva.es\/va\/web\/innovacion-calidad\/calendari-escolar?fbclid=IwAR1aTUgVn76CANUaTSWHstSGMRXdLZGfhBKpFO2aCy_zhoTff-34IGs00Yg\">CALENDARIO ESCOLAR 2023 &#8211; 2024<\/a><\/li><\/ul>\n\n\n\n<p><strong>Para obtener informaci\u00f3n sobre las Instrucciones para la organizaci\u00f3n de centros de infantil, primaria, secundaria y bachillerato:<\/strong><\/p>\n\n\n\n<ul><li><a href=\"https:\/\/mcusercontent.com\/eb19a5df080adbaa0f3f79e97\/files\/12da06f6-96dc-f2b4-4113-d52ad6f10f61\/2023_7350.pdf\">RESOLUCI\u00d3 de 27 de juny de 2023, del secretari auton\u00f2mic d\u2019Educaci\u00f3 i Formaci\u00f3 Professional, per la qual s\u2019aproven les instruccions per a l\u2019organitzaci\u00f3 i el funcionament dels centres que imparteixen Educaci\u00f3 Infantil de segon cicle i Educaci\u00f3 Prim\u00e0ria durant el curs 2023-2024.<\/a><\/li><li><a href=\"https:\/\/mcusercontent.com\/eb19a5df080adbaa0f3f79e97\/files\/dd00d978-d4c7-47cf-edc7-af3f5d5208d0\/2023_7359.pdf\">RESOLUCI\u00d3 de 27 de juny de 2023, del secretari auton\u00f2mic d\u2019Educaci\u00f3 i Formaci\u00f3 Professional, per la qual s\u2019aproven les instruccions per a l\u2019organitzaci\u00f3 i el funcionament dels centres que imparteixen Educaci\u00f3 Secund\u00e0ria Obligat\u00f2ria i Batxillerat durant el curs 2023-2024.<\/a><\/li><\/ul>\n","protected":false},"excerpt":{"rendered":"<p>La Conseller\u00eda de Educaci\u00f3n, Cultura y Deporte publica el Calendario Escolar del curso 2023-2024: consulta aqu\u00ed los d\u00edas m\u00e1s destacados.<\/p>\n","protected":false},"author":10,"featured_media":10545,"comment_status":"closed","ping_status":"closed","sticky":false,"template":"","format":"standard","meta":[],"categories":[527],"tags":[],"yoast_head":"<!-- This site is optimized with the Yoast SEO plugin v19.2 - https:\/\/yoast.com\/wordpress\/plugins\/seo\/ -->\n<title>Calendari escolar 2023-2024 | FAMPA Castell\u00f3 Penyagolosa<\/title>\n<meta name=\"description\" content=\"La Conseller\u00eda de Educaci\u00f3n, Cultura y Deporte publica el Calendario escolar del curso 2023-2024: consulta aqu\u00ed los d\u00edas m\u00e1s destacados.\" \/>\n<meta name=\"robots\" content=\"index, follow, max-snippet:-1, max-image-preview:large, max-video-preview:-1\" \/>\n<link rel=\"canonical\" href=\"https:\/\/fapacastello.com\/es\/2023\/07\/05\/calendari-escolar-2023-2024\/\" \/>\n<meta property=\"og:locale\" content=\"es_ES\" \/>\n<meta property=\"og:type\" content=\"article\" \/>\n<meta property=\"og:title\" content=\"Calendari escolar 2023-2024 | FAMPA Castell\u00f3 Penyagolosa\" \/>\n<meta property=\"og:description\" content=\"La Conseller\u00eda de Educaci\u00f3n, Cultura y Deporte publica el Calendario escolar del curso 2023-2024: consulta aqu\u00ed los d\u00edas m\u00e1s destacados.\" \/>\n<meta property=\"og:url\" content=\"https:\/\/fapacastello.com\/es\/2023\/07\/05\/calendari-escolar-2023-2024\/\" \/>\n<meta property=\"og:site_name\" content=\"FAMPA Castell\u00f3 Penyagolosa\" \/>\n<meta property=\"article:publisher\" content=\"http:\/\/www.facebook.com\/fapa.penyagolosa\" \/>\n<meta property=\"article:published_time\" content=\"2023-07-05T11:37:52+00:00\" \/>\n<meta property=\"article:modified_time\" content=\"2023-07-05T11:54:44+00:00\" \/>\n<meta property=\"og:image\" content=\"https:\/\/fapacastello.com\/wp-content\/uploads\/2023\/07\/BANNERS-WEB-1.jpg\" \/>\n\t<meta property=\"og:image:width\" content=\"2000\" \/>\n\t<meta property=\"og:image:height\" content=\"875\" \/>\n\t<meta property=\"og:image:type\" content=\"image\/jpeg\" \/>\n<meta name=\"author\" content=\"Raquel Garc\u00eda\" \/>\n<meta name=\"twitter:card\" content=\"summary\" \/>\n<meta name=\"twitter:creator\" content=\"@FAMPACS\" \/>\n<meta name=\"twitter:site\" content=\"@FAMPACS\" \/>\n<meta name=\"twitter:label1\" content=\"Escrito por\" \/>\n\t<meta name=\"twitter:data1\" content=\"Raquel Garc\u00eda\" \/>\n\t<meta name=\"twitter:label2\" content=\"Tiempo de lectura\" \/>\n\t<meta name=\"twitter:data2\" content=\"7 minutos\" \/>\n<script type=\"application\/ld+json\" class=\"yoast-schema-graph\">{\"@context\":\"https:\/\/schema.org\",\"@graph\":[{\"@type\":\"WebSite\",\"@id\":\"http:\/\/fapacastello.com\/es\/#website\",\"url\":\"http:\/\/fapacastello.com\/es\/\",\"name\":\"FAMPA Castell\u00f3 Penyagolosa\",\"description\":\"Fapa-Castell\u00f3n Penyagolosa. Federaci\u00f3n de Asociaciones de Padres i Madres de Alumnos Provincia de Castell\u00f3n.\",\"potentialAction\":[{\"@type\":\"SearchAction\",\"target\":{\"@type\":\"EntryPoint\",\"urlTemplate\":\"http:\/\/fapacastello.com\/es\/?s={search_term_string}\"},\"query-input\":\"required name=search_term_string\"}],\"inLanguage\":\"es\"},{\"@type\":\"ImageObject\",\"inLanguage\":\"es\",\"@id\":\"https:\/\/fapacastello.com\/es\/2023\/07\/05\/calendari-escolar-2023-2024\/#primaryimage\",\"url\":\"http:\/\/fapacastello.com\/wp-content\/uploads\/2023\/07\/BANNERS-WEB-1.jpg\",\"contentUrl\":\"http:\/\/fapacastello.com\/wp-content\/uploads\/2023\/07\/BANNERS-WEB-1.jpg\",\"width\":2000,\"height\":875},{\"@type\":\"WebPage\",\"@id\":\"https:\/\/fapacastello.com\/es\/2023\/07\/05\/calendari-escolar-2023-2024\/#webpage\",\"url\":\"https:\/\/fapacastello.com\/es\/2023\/07\/05\/calendari-escolar-2023-2024\/\",\"name\":\"Calendari escolar 2023-2024 | FAMPA Castell\u00f3 Penyagolosa\",\"isPartOf\":{\"@id\":\"http:\/\/fapacastello.com\/es\/#website\"},\"primaryImageOfPage\":{\"@id\":\"https:\/\/fapacastello.com\/es\/2023\/07\/05\/calendari-escolar-2023-2024\/#primaryimage\"},\"datePublished\":\"2023-07-05T11:37:52+00:00\",\"dateModified\":\"2023-07-05T11:54:44+00:00\",\"author\":{\"@id\":\"http:\/\/fapacastello.com\/es\/#\/schema\/person\/91d59e41a269f5dee4a303027882f840\"},\"description\":\"La Conseller\u00eda de Educaci\u00f3n, Cultura y Deporte publica el Calendario escolar del curso 2023-2024: consulta aqu\u00ed los d\u00edas m\u00e1s destacados.\",\"breadcrumb\":{\"@id\":\"https:\/\/fapacastello.com\/es\/2023\/07\/05\/calendari-escolar-2023-2024\/#breadcrumb\"},\"inLanguage\":\"es\",\"potentialAction\":[{\"@type\":\"ReadAction\",\"target\":[\"https:\/\/fapacastello.com\/es\/2023\/07\/05\/calendari-escolar-2023-2024\/\"]}]},{\"@type\":\"BreadcrumbList\",\"@id\":\"https:\/\/fapacastello.com\/es\/2023\/07\/05\/calendari-escolar-2023-2024\/#breadcrumb\",\"itemListElement\":[{\"@type\":\"ListItem\",\"position\":1,\"name\":\"Portada\",\"item\":\"http:\/\/fapacastello.com\/es\/\"},{\"@type\":\"ListItem\",\"position\":2,\"name\":\"Calendari escolar 2023-2024\"}]},{\"@type\":\"Person\",\"@id\":\"http:\/\/fapacastello.com\/es\/#\/schema\/person\/91d59e41a269f5dee4a303027882f840\",\"name\":\"Raquel Garc\u00eda\",\"image\":{\"@type\":\"ImageObject\",\"inLanguage\":\"es\",\"@id\":\"http:\/\/fapacastello.com\/es\/#\/schema\/person\/image\/\",\"url\":\"http:\/\/2.gravatar.com\/avatar\/55ba383e1db6bbbe8adcbe85e4cbe60d?s=96&d=mm&r=g\",\"contentUrl\":\"http:\/\/2.gravatar.com\/avatar\/55ba383e1db6bbbe8adcbe85e4cbe60d?s=96&d=mm&r=g\",\"caption\":\"Raquel Garc\u00eda\"},\"url\":\"http:\/\/fapacastello.com\/es\/author\/socraquel\/\"}]}<\/script>\n<!-- \/ Yoast SEO plugin. -->","yoast_head_json":{"title":"Calendari escolar 2023-2024 | FAMPA Castell\u00f3 Penyagolosa","description":"La Conseller\u00eda de Educaci\u00f3n, Cultura y Deporte publica el Calendario escolar del curso 2023-2024: consulta aqu\u00ed los d\u00edas m\u00e1s destacados.","robots":{"index":"index","follow":"follow","max-snippet":"max-snippet:-1","max-image-preview":"max-image-preview:large","max-video-preview":"max-video-preview:-1"},"canonical":"https:\/\/fapacastello.com\/es\/2023\/07\/05\/calendari-escolar-2023-2024\/","og_locale":"es_ES","og_type":"article","og_title":"Calendari escolar 2023-2024 | FAMPA Castell\u00f3 Penyagolosa","og_description":"La Conseller\u00eda de Educaci\u00f3n, Cultura y Deporte publica el Calendario escolar del curso 2023-2024: consulta aqu\u00ed los d\u00edas m\u00e1s destacados.","og_url":"https:\/\/fapacastello.com\/es\/2023\/07\/05\/calendari-escolar-2023-2024\/","og_site_name":"FAMPA Castell\u00f3 Penyagolosa","article_publisher":"http:\/\/www.facebook.com\/fapa.penyagolosa","article_published_time":"2023-07-05T11:37:52+00:00","article_modified_time":"2023-07-05T11:54:44+00:00","og_image":[{"width":2000,"height":875,"url":"https:\/\/fapacastello.com\/wp-content\/uploads\/2023\/07\/BANNERS-WEB-1.jpg","type":"image\/jpeg"}],"author":"Raquel Garc\u00eda","twitter_card":"summary","twitter_creator":"@FAMPACS","twitter_site":"@FAMPACS","twitter_misc":{"Escrito por":"Raquel Garc\u00eda","Tiempo de lectura":"7 minutos"},"schema":{"@context":"https:\/\/schema.org","@graph":[{"@type":"WebSite","@id":"http:\/\/fapacastello.com\/es\/#website","url":"http:\/\/fapacastello.com\/es\/","name":"FAMPA Castell\u00f3 Penyagolosa","description":"Fapa-Castell\u00f3n Penyagolosa. Federaci\u00f3n de Asociaciones de Padres i Madres de Alumnos Provincia de Castell\u00f3n.","potentialAction":[{"@type":"SearchAction","target":{"@type":"EntryPoint","urlTemplate":"http:\/\/fapacastello.com\/es\/?s={search_term_string}"},"query-input":"required name=search_term_string"}],"inLanguage":"es"},{"@type":"ImageObject","inLanguage":"es","@id":"https:\/\/fapacastello.com\/es\/2023\/07\/05\/calendari-escolar-2023-2024\/#primaryimage","url":"http:\/\/fapacastello.com\/wp-content\/uploads\/2023\/07\/BANNERS-WEB-1.jpg","contentUrl":"http:\/\/fapacastello.com\/wp-content\/uploads\/2023\/07\/BANNERS-WEB-1.jpg","width":2000,"height":875},{"@type":"WebPage","@id":"https:\/\/fapacastello.com\/es\/2023\/07\/05\/calendari-escolar-2023-2024\/#webpage","url":"https:\/\/fapacastello.com\/es\/2023\/07\/05\/calendari-escolar-2023-2024\/","name":"Calendari escolar 2023-2024 | FAMPA Castell\u00f3 Penyagolosa","isPartOf":{"@id":"http:\/\/fapacastello.com\/es\/#website"},"primaryImageOfPage":{"@id":"https:\/\/fapacastello.com\/es\/2023\/07\/05\/calendari-escolar-2023-2024\/#primaryimage"},"datePublished":"2023-07-05T11:37:52+00:00","dateModified":"2023-07-05T11:54:44+00:00","author":{"@id":"http:\/\/fapacastello.com\/es\/#\/schema\/person\/91d59e41a269f5dee4a303027882f840"},"description":"La Conseller\u00eda de Educaci\u00f3n, Cultura y Deporte publica el Calendario escolar del curso 2023-2024: consulta aqu\u00ed los d\u00edas m\u00e1s destacados.","breadcrumb":{"@id":"https:\/\/fapacastello.com\/es\/2023\/07\/05\/calendari-escolar-2023-2024\/#breadcrumb"},"inLanguage":"es","potentialAction":[{"@type":"ReadAction","target":["https:\/\/fapacastello.com\/es\/2023\/07\/05\/calendari-escolar-2023-2024\/"]}]},{"@type":"BreadcrumbList","@id":"https:\/\/fapacastello.com\/es\/2023\/07\/05\/calendari-escolar-2023-2024\/#breadcrumb","itemListElement":[{"@type":"ListItem","position":1,"name":"Portada","item":"http:\/\/fapacastello.com\/es\/"},{"@type":"ListItem","position":2,"name":"Calendari escolar 2023-2024"}]},{"@type":"Person","@id":"http:\/\/fapacastello.com\/es\/#\/schema\/person\/91d59e41a269f5dee4a303027882f840","name":"Raquel Garc\u00eda","image":{"@type":"ImageObject","inLanguage":"es","@id":"http:\/\/fapacastello.com\/es\/#\/schema\/person\/image\/","url":"http:\/\/2.gravatar.com\/avatar\/55ba383e1db6bbbe8adcbe85e4cbe60d?s=96&d=mm&r=g","contentUrl":"http:\/\/2.gravatar.com\/avatar\/55ba383e1db6bbbe8adcbe85e4cbe60d?s=96&d=mm&r=g","caption":"Raquel Garc\u00eda"},"url":"http:\/\/fapacastello.com\/es\/author\/socraquel\/"}]}},"_links":{"self":[{"href":"http:\/\/fapacastello.com\/es\/wp-json\/wp\/v2\/posts\/10546"}],"collection":[{"href":"http:\/\/fapacastello.com\/es\/wp-json\/wp\/v2\/posts"}],"about":[{"href":"http:\/\/fapacastello.com\/es\/wp-json\/wp\/v2\/types\/post"}],"author":[{"embeddable":true,"href":"http:\/\/fapacastello.com\/es\/wp-json\/wp\/v2\/users\/10"}],"replies":[{"embeddable":true,"href":"http:\/\/fapacastello.com\/es\/wp-json\/wp\/v2\/comments?post=10546"}],"version-history":[{"count":3,"href":"http:\/\/fapacastello.com\/es\/wp-json\/wp\/v2\/posts\/10546\/revisions"}],"predecessor-version":[{"id":10550,"href":"http:\/\/fapacastello.com\/es\/wp-json\/wp\/v2\/posts\/10546\/revisions\/10550"}],"wp:featuredmedia":[{"embeddable":true,"href":"http:\/\/fapacastello.com\/es\/wp-json\/wp\/v2\/media\/10545"}],"wp:attachment":[{"href":"http:\/\/fapacastello.com\/es\/wp-json\/wp\/v2\/media?parent=10546"}],"wp:term":[{"taxonomy":"category","embeddable":true,"href":"http:\/\/fapacastello.com\/es\/wp-json\/wp\/v2\/categories?post=10546"},{"taxonomy":"post_tag","embeddable":true,"href":"http:\/\/fapacastello.com\/es\/wp-json\/wp\/v2\/tags?post=10546"}],"curies":[{"name":"wp","href":"https:\/\/api.w.org\/{rel}","templated":true}]}}