

{"id":10961,"date":"2023-10-03T09:55:13","date_gmt":"2023-10-03T07:55:13","guid":{"rendered":"http:\/\/fapacastello.com\/?p=10961\/"},"modified":"2023-10-31T11:15:19","modified_gmt":"2023-10-31T10:15:19","slug":"una-iniciativa-de-lampa-del-ceip-castro-dalfondeguilla","status":"publish","type":"post","link":"http:\/\/fapacastello.com\/es\/2023\/10\/03\/una-iniciativa-de-lampa-del-ceip-castro-dalfondeguilla\/","title":{"rendered":"Una iniciativa de la AMPA del CEIP Castro de Alfondeguilla"},"content":{"rendered":"\n<p>En el CEIP Castro de Alfondeguilla, la AMPA lleva a cabo, desde hace unos a\u00f1os, una interesante iniciativa en colaboraci\u00f3n con la escuela. Un d\u00eda a la semana, en este caso el jueves, el alumnado y el profesorado del centro tiene que hacer el trayecto de casa en la escuela a pie, formando un \u201cpedibus\u201d.<\/p>\n\n\n\n<p>Este a\u00f1o, con motivo de la semana europea de la movilidad, la AMPA del centro ha lanzado una iniciativa muy divertida, que ha consistido en hacer entrega de un carn\u00e9 el lunes 18 de septiembre a cada uno de los y las alumnas que vaya a pie a la escuela. Estos carn\u00e9s los han entregado los ECO-delegados, los cuales tambi\u00e9n han sido responsables de posicionarse cada ma\u00f1ana en la puerta de la escuela para controlar, y han tenido que sellar los carn\u00e9s de todas aquellas y aquellos que han ido andando en la escuela. Un sello cada d\u00eda de la semana.<\/p>\n\n\n\n<p>Al finalizar la semana se ha hecho entrega de una insignia EUROPEANMOBILITYWEEK a cada alumno que haya conseguido los 5 sellos. Y en caso de que alg\u00fan alumno no los haya obtenido se le ha dado la oportunidad de lograrlo en los d\u00edas posteriores.<\/p>\n\n\n\n<p>La insignia ha consistido en una chapa que ha preparado la Junta que dice \u201cGracias para cuidarme\u201d con una imagen del planeta.<\/p>\n\n\n\n<p><\/p>\n\n\n\n<figure class=\"wp-container-2 wp-block-gallery-1 wp-block-gallery has-nested-images columns-default is-cropped\">\n<figure class=\"wp-block-image size-large\"><a href=\"http:\/\/fapacastello.com\/wp-content\/uploads\/2023\/10\/ca217ab8-3246-42bf-bde8-58c723f918b0.jpg\"><img loading=\"lazy\" width=\"768\" height=\"1024\" data-id=\"10948\"  src=\"http:\/\/fapacastello.com\/wp-content\/uploads\/2023\/10\/ca217ab8-3246-42bf-bde8-58c723f918b0-768x1024.jpg\" alt=\"\" class=\"wp-image-10948\" srcset=\"http:\/\/fapacastello.com\/wp-content\/uploads\/2023\/10\/ca217ab8-3246-42bf-bde8-58c723f918b0-768x1024.jpg 768w, http:\/\/fapacastello.com\/wp-content\/uploads\/2023\/10\/ca217ab8-3246-42bf-bde8-58c723f918b0-225x300.jpg 225w, http:\/\/fapacastello.com\/wp-content\/uploads\/2023\/10\/ca217ab8-3246-42bf-bde8-58c723f918b0-1152x1536.jpg 1152w, http:\/\/fapacastello.com\/wp-content\/uploads\/2023\/10\/ca217ab8-3246-42bf-bde8-58c723f918b0-110x146.jpg 110w, http:\/\/fapacastello.com\/wp-content\/uploads\/2023\/10\/ca217ab8-3246-42bf-bde8-58c723f918b0-38x50.jpg 38w, http:\/\/fapacastello.com\/wp-content\/uploads\/2023\/10\/ca217ab8-3246-42bf-bde8-58c723f918b0-56x75.jpg 56w, http:\/\/fapacastello.com\/wp-content\/uploads\/2023\/10\/ca217ab8-3246-42bf-bde8-58c723f918b0.jpg 1536w\" sizes=\"(max-width: 768px) 100vw, 768px\" \/><\/a><\/figure>\n\n\n\n<figure class=\"wp-block-image size-large\"><a href=\"http:\/\/fapacastello.com\/wp-content\/uploads\/2023\/10\/IMG-9233-copia-scaled.jpg\"><img loading=\"lazy\" width=\"768\" height=\"1024\" data-id=\"10952\"  src=\"http:\/\/fapacastello.com\/wp-content\/uploads\/2023\/10\/IMG-9233-copia-768x1024.jpg\" alt=\"\" class=\"wp-image-10952\" srcset=\"http:\/\/fapacastello.com\/wp-content\/uploads\/2023\/10\/IMG-9233-copia-768x1024.jpg 768w, http:\/\/fapacastello.com\/wp-content\/uploads\/2023\/10\/IMG-9233-copia-225x300.jpg 225w, http:\/\/fapacastello.com\/wp-content\/uploads\/2023\/10\/IMG-9233-copia-1152x1536.jpg 1152w, http:\/\/fapacastello.com\/wp-content\/uploads\/2023\/10\/IMG-9233-copia-1536x2048.jpg 1536w, http:\/\/fapacastello.com\/wp-content\/uploads\/2023\/10\/IMG-9233-copia-110x146.jpg 110w, http:\/\/fapacastello.com\/wp-content\/uploads\/2023\/10\/IMG-9233-copia-38x50.jpg 38w, http:\/\/fapacastello.com\/wp-content\/uploads\/2023\/10\/IMG-9233-copia-56x75.jpg 56w, http:\/\/fapacastello.com\/wp-content\/uploads\/2023\/10\/IMG-9233-copia-scaled.jpg 1920w\" sizes=\"(max-width: 768px) 100vw, 768px\" \/><\/a><\/figure>\n\n\n\n<figure class=\"wp-block-image size-large\"><a href=\"http:\/\/fapacastello.com\/wp-content\/uploads\/2023\/10\/IMG-9303-scaled.jpg\"><img loading=\"lazy\" width=\"2560\" height=\"2174\" data-id=\"10956\"  src=\"http:\/\/fapacastello.com\/wp-content\/uploads\/2023\/10\/IMG-9303-edited-scaled.jpg\" alt=\"\" class=\"wp-image-10956\" srcset=\"http:\/\/fapacastello.com\/wp-content\/uploads\/2023\/10\/IMG-9303-edited-scaled.jpg 2560w, http:\/\/fapacastello.com\/wp-content\/uploads\/2023\/10\/IMG-9303-edited-300x255.jpg 300w, http:\/\/fapacastello.com\/wp-content\/uploads\/2023\/10\/IMG-9303-edited-1024x870.jpg 1024w, http:\/\/fapacastello.com\/wp-content\/uploads\/2023\/10\/IMG-9303-edited-768x652.jpg 768w, http:\/\/fapacastello.com\/wp-content\/uploads\/2023\/10\/IMG-9303-edited-1536x1304.jpg 1536w, http:\/\/fapacastello.com\/wp-content\/uploads\/2023\/10\/IMG-9303-edited-2048x1739.jpg 2048w, http:\/\/fapacastello.com\/wp-content\/uploads\/2023\/10\/IMG-9303-edited-172x146.jpg 172w, http:\/\/fapacastello.com\/wp-content\/uploads\/2023\/10\/IMG-9303-edited-50x42.jpg 50w, http:\/\/fapacastello.com\/wp-content\/uploads\/2023\/10\/IMG-9303-edited-88x75.jpg 88w\" sizes=\"(max-width: 2560px) 100vw, 2560px\" \/><\/a><\/figure>\n\n\n\n<figure class=\"wp-block-image size-large\"><a href=\"http:\/\/fapacastello.com\/wp-content\/uploads\/2023\/10\/IMG-9225.jpg\"><img loading=\"lazy\" width=\"1024\" height=\"585\" data-id=\"10946\"  src=\"http:\/\/fapacastello.com\/wp-content\/uploads\/2023\/10\/IMG-9225-1024x585.jpg\" alt=\"\" class=\"wp-image-10946\" srcset=\"http:\/\/fapacastello.com\/wp-content\/uploads\/2023\/10\/IMG-9225-1024x585.jpg 1024w, http:\/\/fapacastello.com\/wp-content\/uploads\/2023\/10\/IMG-9225-300x171.jpg 300w, http:\/\/fapacastello.com\/wp-content\/uploads\/2023\/10\/IMG-9225-768x439.jpg 768w, http:\/\/fapacastello.com\/wp-content\/uploads\/2023\/10\/IMG-9225-256x146.jpg 256w, http:\/\/fapacastello.com\/wp-content\/uploads\/2023\/10\/IMG-9225-50x29.jpg 50w, http:\/\/fapacastello.com\/wp-content\/uploads\/2023\/10\/IMG-9225-131x75.jpg 131w, http:\/\/fapacastello.com\/wp-content\/uploads\/2023\/10\/IMG-9225.jpg 1050w\" sizes=\"(max-width: 1024px) 100vw, 1024px\" \/><\/a><\/figure>\n\n\n\n<figure class=\"wp-block-image size-large\"><a href=\"http:\/\/fapacastello.com\/wp-content\/uploads\/2023\/10\/Missatge-als-pares.jpg\"><img loading=\"lazy\" width=\"674\" height=\"855\" data-id=\"10944\"  src=\"http:\/\/fapacastello.com\/wp-content\/uploads\/2023\/10\/Missatge-als-pares.jpg\" alt=\"\" class=\"wp-image-10944\" srcset=\"http:\/\/fapacastello.com\/wp-content\/uploads\/2023\/10\/Missatge-als-pares.jpg 674w, http:\/\/fapacastello.com\/wp-content\/uploads\/2023\/10\/Missatge-als-pares-236x300.jpg 236w, http:\/\/fapacastello.com\/wp-content\/uploads\/2023\/10\/Missatge-als-pares-115x146.jpg 115w, http:\/\/fapacastello.com\/wp-content\/uploads\/2023\/10\/Missatge-als-pares-39x50.jpg 39w, http:\/\/fapacastello.com\/wp-content\/uploads\/2023\/10\/Missatge-als-pares-59x75.jpg 59w\" sizes=\"(max-width: 674px) 100vw, 674px\" \/><\/a><\/figure>\n<\/figure>\n\n\n\n<div class=\"wp-block-file\"><object class=\"wp-block-file__embed\" data=\"http:\/\/fapacastello.com\/wp-content\/uploads\/2023\/10\/Compartim-iniciatives.pdf\" type=\"application\/pdf\" style=\"width:100%;height:600px\" aria-label=\"Incrustado de Compartim-iniciatives.\"><\/object><a id=\"wp-block-file--media-9633a4a2-9c17-4f1c-99d2-b641d2b7a7ab\" href=\"http:\/\/fapacastello.com\/wp-content\/uploads\/2023\/10\/Compartim-iniciatives.pdf\">Compartim-iniciatives<\/a><a href=\"http:\/\/fapacastello.com\/wp-content\/uploads\/2023\/10\/Compartim-iniciatives.pdf\" class=\"wp-block-file__button\" download aria-describedby=\"wp-block-file--media-9633a4a2-9c17-4f1c-99d2-b641d2b7a7ab\">Descarga<\/a><\/div>\n","protected":false},"excerpt":{"rendered":"<p>El alumnado y el profesorado del CEIP Castro van a pie a la escuela con motivo de la semana europea de la movilidad.<\/p>\n","protected":false},"author":10,"featured_media":10943,"comment_status":"closed","ping_status":"closed","sticky":false,"template":"","format":"standard","meta":[],"categories":[527],"tags":[],"yoast_head":"<!-- This site is optimized with the Yoast SEO plugin v19.2 - https:\/\/yoast.com\/wordpress\/plugins\/seo\/ -->\n<title>Una iniciativa de la AMPA del CEIP Castro de Alfondeguilla | FAMPA Castell\u00f3 Penyagolosa<\/title>\n<meta name=\"description\" content=\"El alumnado y el profesorado del CEIP Castro van a pie a la escuela con motivo de la semana europea de la movilidad.\" \/>\n<meta name=\"robots\" content=\"index, follow, max-snippet:-1, max-image-preview:large, max-video-preview:-1\" \/>\n<link rel=\"canonical\" href=\"https:\/\/fapacastello.com\/es\/2023\/10\/03\/una-iniciativa-de-lampa-del-ceip-castro-dalfondeguilla\/\" \/>\n<meta property=\"og:locale\" content=\"es_ES\" \/>\n<meta property=\"og:type\" content=\"article\" \/>\n<meta property=\"og:title\" content=\"Una iniciativa de la AMPA del CEIP Castro de Alfondeguilla | FAMPA Castell\u00f3 Penyagolosa\" \/>\n<meta property=\"og:description\" content=\"El alumnado y el profesorado del CEIP Castro van a pie a la escuela con motivo de la semana europea de la movilidad.\" \/>\n<meta property=\"og:url\" content=\"https:\/\/fapacastello.com\/es\/2023\/10\/03\/una-iniciativa-de-lampa-del-ceip-castro-dalfondeguilla\/\" \/>\n<meta property=\"og:site_name\" content=\"FAMPA Castell\u00f3 Penyagolosa\" \/>\n<meta property=\"article:publisher\" content=\"http:\/\/www.facebook.com\/fapa.penyagolosa\" \/>\n<meta property=\"article:published_time\" content=\"2023-10-03T07:55:13+00:00\" \/>\n<meta property=\"article:modified_time\" content=\"2023-10-31T10:15:19+00:00\" \/>\n<meta property=\"og:image\" content=\"https:\/\/fapacastello.com\/wp-content\/uploads\/2023\/10\/BANNERS-WEB-1.jpg\" \/>\n\t<meta property=\"og:image:width\" content=\"2000\" \/>\n\t<meta property=\"og:image:height\" content=\"875\" \/>\n\t<meta property=\"og:image:type\" content=\"image\/jpeg\" \/>\n<meta name=\"author\" content=\"Raquel Garc\u00eda\" \/>\n<meta name=\"twitter:card\" content=\"summary\" \/>\n<meta name=\"twitter:creator\" content=\"@FAMPACS\" \/>\n<meta name=\"twitter:site\" content=\"@FAMPACS\" \/>\n<meta name=\"twitter:label1\" content=\"Escrito por\" \/>\n\t<meta name=\"twitter:data1\" content=\"Raquel Garc\u00eda\" \/>\n\t<meta name=\"twitter:label2\" content=\"Tiempo de lectura\" \/>\n\t<meta name=\"twitter:data2\" content=\"3 minutos\" \/>\n<script type=\"application\/ld+json\" class=\"yoast-schema-graph\">{\"@context\":\"https:\/\/schema.org\",\"@graph\":[{\"@type\":\"WebSite\",\"@id\":\"http:\/\/fapacastello.com\/es\/#website\",\"url\":\"http:\/\/fapacastello.com\/es\/\",\"name\":\"FAMPA Castell\u00f3 Penyagolosa\",\"description\":\"Fapa-Castell\u00f3n Penyagolosa. Federaci\u00f3n de Asociaciones de Padres i Madres de Alumnos Provincia de Castell\u00f3n.\",\"potentialAction\":[{\"@type\":\"SearchAction\",\"target\":{\"@type\":\"EntryPoint\",\"urlTemplate\":\"http:\/\/fapacastello.com\/es\/?s={search_term_string}\"},\"query-input\":\"required name=search_term_string\"}],\"inLanguage\":\"es\"},{\"@type\":\"ImageObject\",\"inLanguage\":\"es\",\"@id\":\"https:\/\/fapacastello.com\/es\/2023\/10\/03\/una-iniciativa-de-lampa-del-ceip-castro-dalfondeguilla\/#primaryimage\",\"url\":\"http:\/\/fapacastello.com\/wp-content\/uploads\/2023\/10\/BANNERS-WEB-1.jpg\",\"contentUrl\":\"http:\/\/fapacastello.com\/wp-content\/uploads\/2023\/10\/BANNERS-WEB-1.jpg\",\"width\":2000,\"height\":875},{\"@type\":\"WebPage\",\"@id\":\"https:\/\/fapacastello.com\/es\/2023\/10\/03\/una-iniciativa-de-lampa-del-ceip-castro-dalfondeguilla\/#webpage\",\"url\":\"https:\/\/fapacastello.com\/es\/2023\/10\/03\/una-iniciativa-de-lampa-del-ceip-castro-dalfondeguilla\/\",\"name\":\"Una iniciativa de la AMPA del CEIP Castro de Alfondeguilla | FAMPA Castell\u00f3 Penyagolosa\",\"isPartOf\":{\"@id\":\"http:\/\/fapacastello.com\/es\/#website\"},\"primaryImageOfPage\":{\"@id\":\"https:\/\/fapacastello.com\/es\/2023\/10\/03\/una-iniciativa-de-lampa-del-ceip-castro-dalfondeguilla\/#primaryimage\"},\"datePublished\":\"2023-10-03T07:55:13+00:00\",\"dateModified\":\"2023-10-31T10:15:19+00:00\",\"author\":{\"@id\":\"http:\/\/fapacastello.com\/es\/#\/schema\/person\/91d59e41a269f5dee4a303027882f840\"},\"description\":\"El alumnado y el profesorado del CEIP Castro van a pie a la escuela con motivo de la semana europea de la movilidad.\",\"breadcrumb\":{\"@id\":\"https:\/\/fapacastello.com\/es\/2023\/10\/03\/una-iniciativa-de-lampa-del-ceip-castro-dalfondeguilla\/#breadcrumb\"},\"inLanguage\":\"es\",\"potentialAction\":[{\"@type\":\"ReadAction\",\"target\":[\"https:\/\/fapacastello.com\/es\/2023\/10\/03\/una-iniciativa-de-lampa-del-ceip-castro-dalfondeguilla\/\"]}]},{\"@type\":\"BreadcrumbList\",\"@id\":\"https:\/\/fapacastello.com\/es\/2023\/10\/03\/una-iniciativa-de-lampa-del-ceip-castro-dalfondeguilla\/#breadcrumb\",\"itemListElement\":[{\"@type\":\"ListItem\",\"position\":1,\"name\":\"Portada\",\"item\":\"http:\/\/fapacastello.com\/es\/\"},{\"@type\":\"ListItem\",\"position\":2,\"name\":\"Una iniciativa de la AMPA del CEIP Castro de Alfondeguilla\"}]},{\"@type\":\"Person\",\"@id\":\"http:\/\/fapacastello.com\/es\/#\/schema\/person\/91d59e41a269f5dee4a303027882f840\",\"name\":\"Raquel Garc\u00eda\",\"image\":{\"@type\":\"ImageObject\",\"inLanguage\":\"es\",\"@id\":\"http:\/\/fapacastello.com\/es\/#\/schema\/person\/image\/\",\"url\":\"http:\/\/2.gravatar.com\/avatar\/55ba383e1db6bbbe8adcbe85e4cbe60d?s=96&d=mm&r=g\",\"contentUrl\":\"http:\/\/2.gravatar.com\/avatar\/55ba383e1db6bbbe8adcbe85e4cbe60d?s=96&d=mm&r=g\",\"caption\":\"Raquel Garc\u00eda\"},\"url\":\"http:\/\/fapacastello.com\/es\/author\/socraquel\/\"}]}<\/script>\n<!-- \/ Yoast SEO plugin. -->","yoast_head_json":{"title":"Una iniciativa de la AMPA del CEIP Castro de Alfondeguilla | FAMPA Castell\u00f3 Penyagolosa","description":"El alumnado y el profesorado del CEIP Castro van a pie a la escuela con motivo de la semana europea de la movilidad.","robots":{"index":"index","follow":"follow","max-snippet":"max-snippet:-1","max-image-preview":"max-image-preview:large","max-video-preview":"max-video-preview:-1"},"canonical":"https:\/\/fapacastello.com\/es\/2023\/10\/03\/una-iniciativa-de-lampa-del-ceip-castro-dalfondeguilla\/","og_locale":"es_ES","og_type":"article","og_title":"Una iniciativa de la AMPA del CEIP Castro de Alfondeguilla | FAMPA Castell\u00f3 Penyagolosa","og_description":"El alumnado y el profesorado del CEIP Castro van a pie a la escuela con motivo de la semana europea de la movilidad.","og_url":"https:\/\/fapacastello.com\/es\/2023\/10\/03\/una-iniciativa-de-lampa-del-ceip-castro-dalfondeguilla\/","og_site_name":"FAMPA Castell\u00f3 Penyagolosa","article_publisher":"http:\/\/www.facebook.com\/fapa.penyagolosa","article_published_time":"2023-10-03T07:55:13+00:00","article_modified_time":"2023-10-31T10:15:19+00:00","og_image":[{"width":2000,"height":875,"url":"https:\/\/fapacastello.com\/wp-content\/uploads\/2023\/10\/BANNERS-WEB-1.jpg","type":"image\/jpeg"}],"author":"Raquel Garc\u00eda","twitter_card":"summary","twitter_creator":"@FAMPACS","twitter_site":"@FAMPACS","twitter_misc":{"Escrito por":"Raquel Garc\u00eda","Tiempo de lectura":"3 minutos"},"schema":{"@context":"https:\/\/schema.org","@graph":[{"@type":"WebSite","@id":"http:\/\/fapacastello.com\/es\/#website","url":"http:\/\/fapacastello.com\/es\/","name":"FAMPA Castell\u00f3 Penyagolosa","description":"Fapa-Castell\u00f3n Penyagolosa. Federaci\u00f3n de Asociaciones de Padres i Madres de Alumnos Provincia de Castell\u00f3n.","potentialAction":[{"@type":"SearchAction","target":{"@type":"EntryPoint","urlTemplate":"http:\/\/fapacastello.com\/es\/?s={search_term_string}"},"query-input":"required name=search_term_string"}],"inLanguage":"es"},{"@type":"ImageObject","inLanguage":"es","@id":"https:\/\/fapacastello.com\/es\/2023\/10\/03\/una-iniciativa-de-lampa-del-ceip-castro-dalfondeguilla\/#primaryimage","url":"http:\/\/fapacastello.com\/wp-content\/uploads\/2023\/10\/BANNERS-WEB-1.jpg","contentUrl":"http:\/\/fapacastello.com\/wp-content\/uploads\/2023\/10\/BANNERS-WEB-1.jpg","width":2000,"height":875},{"@type":"WebPage","@id":"https:\/\/fapacastello.com\/es\/2023\/10\/03\/una-iniciativa-de-lampa-del-ceip-castro-dalfondeguilla\/#webpage","url":"https:\/\/fapacastello.com\/es\/2023\/10\/03\/una-iniciativa-de-lampa-del-ceip-castro-dalfondeguilla\/","name":"Una iniciativa de la AMPA del CEIP Castro de Alfondeguilla | FAMPA Castell\u00f3 Penyagolosa","isPartOf":{"@id":"http:\/\/fapacastello.com\/es\/#website"},"primaryImageOfPage":{"@id":"https:\/\/fapacastello.com\/es\/2023\/10\/03\/una-iniciativa-de-lampa-del-ceip-castro-dalfondeguilla\/#primaryimage"},"datePublished":"2023-10-03T07:55:13+00:00","dateModified":"2023-10-31T10:15:19+00:00","author":{"@id":"http:\/\/fapacastello.com\/es\/#\/schema\/person\/91d59e41a269f5dee4a303027882f840"},"description":"El alumnado y el profesorado del CEIP Castro van a pie a la escuela con motivo de la semana europea de la movilidad.","breadcrumb":{"@id":"https:\/\/fapacastello.com\/es\/2023\/10\/03\/una-iniciativa-de-lampa-del-ceip-castro-dalfondeguilla\/#breadcrumb"},"inLanguage":"es","potentialAction":[{"@type":"ReadAction","target":["https:\/\/fapacastello.com\/es\/2023\/10\/03\/una-iniciativa-de-lampa-del-ceip-castro-dalfondeguilla\/"]}]},{"@type":"BreadcrumbList","@id":"https:\/\/fapacastello.com\/es\/2023\/10\/03\/una-iniciativa-de-lampa-del-ceip-castro-dalfondeguilla\/#breadcrumb","itemListElement":[{"@type":"ListItem","position":1,"name":"Portada","item":"http:\/\/fapacastello.com\/es\/"},{"@type":"ListItem","position":2,"name":"Una iniciativa de la AMPA del CEIP Castro de Alfondeguilla"}]},{"@type":"Person","@id":"http:\/\/fapacastello.com\/es\/#\/schema\/person\/91d59e41a269f5dee4a303027882f840","name":"Raquel Garc\u00eda","image":{"@type":"ImageObject","inLanguage":"es","@id":"http:\/\/fapacastello.com\/es\/#\/schema\/person\/image\/","url":"http:\/\/2.gravatar.com\/avatar\/55ba383e1db6bbbe8adcbe85e4cbe60d?s=96&d=mm&r=g","contentUrl":"http:\/\/2.gravatar.com\/avatar\/55ba383e1db6bbbe8adcbe85e4cbe60d?s=96&d=mm&r=g","caption":"Raquel Garc\u00eda"},"url":"http:\/\/fapacastello.com\/es\/author\/socraquel\/"}]}},"_links":{"self":[{"href":"http:\/\/fapacastello.com\/es\/wp-json\/wp\/v2\/posts\/10961"}],"collection":[{"href":"http:\/\/fapacastello.com\/es\/wp-json\/wp\/v2\/posts"}],"about":[{"href":"http:\/\/fapacastello.com\/es\/wp-json\/wp\/v2\/types\/post"}],"author":[{"embeddable":true,"href":"http:\/\/fapacastello.com\/es\/wp-json\/wp\/v2\/users\/10"}],"replies":[{"embeddable":true,"href":"http:\/\/fapacastello.com\/es\/wp-json\/wp\/v2\/comments?post=10961"}],"version-history":[{"count":2,"href":"http:\/\/fapacastello.com\/es\/wp-json\/wp\/v2\/posts\/10961\/revisions"}],"predecessor-version":[{"id":10964,"href":"http:\/\/fapacastello.com\/es\/wp-json\/wp\/v2\/posts\/10961\/revisions\/10964"}],"wp:featuredmedia":[{"embeddable":true,"href":"http:\/\/fapacastello.com\/es\/wp-json\/wp\/v2\/media\/10943"}],"wp:attachment":[{"href":"http:\/\/fapacastello.com\/es\/wp-json\/wp\/v2\/media?parent=10961"}],"wp:term":[{"taxonomy":"category","embeddable":true,"href":"http:\/\/fapacastello.com\/es\/wp-json\/wp\/v2\/categories?post=10961"},{"taxonomy":"post_tag","embeddable":true,"href":"http:\/\/fapacastello.com\/es\/wp-json\/wp\/v2\/tags?post=10961"}],"curies":[{"name":"wp","href":"https:\/\/api.w.org\/{rel}","templated":true}]}}