

{"id":12578,"date":"2024-05-06T13:17:37","date_gmt":"2024-05-06T11:17:37","guid":{"rendered":"http:\/\/fapacastello.com\/?p=12578\/"},"modified":"2024-05-27T09:46:39","modified_gmt":"2024-05-27T07:46:39","slug":"la-fampa-valora-la-regulacio-dels-dispositius-mobils-en-els-centres-educatius","status":"publish","type":"post","link":"http:\/\/fapacastello.com\/es\/2024\/05\/06\/la-fampa-valora-la-regulacio-dels-dispositius-mobils-en-els-centres-educatius\/","title":{"rendered":"La FAMPA valora la regulaci\u00f3n de los dispositivos m\u00f3viles en los centros educativos"},"content":{"rendered":"\n<p><strong>Castell\u00f3, 6 de mayo de 2024<\/strong> &#8211; Hoy lunes 6 de mayo entra en vigor la normativa que regula el uso de dispositivos m\u00f3viles en centros educativos no universitarios sostenidos con fondos p\u00fablicos de la Comunidad Valenciana. Desde la FAMPA Castell\u00f3 Penyagolosa valoramos positivamente esta iniciativa que aporta un marco legal claro y general para todos los centros educativos, tal como ven\u00edamos pidiendo desde hac\u00eda tiempo.<\/p>\n\n\n\n<p>La nueva normativa establece que todos los centros estar\u00e1n obligados a regular el uso de los m\u00f3viles, con excepciones para uso did\u00e1ctico o razones individuales de salud justificadas. Esto supone un paso adelante en la regulaci\u00f3n de una cuesti\u00f3n que ya estaba contemplada en muchos centros, pero que ahora tendr\u00e1 un car\u00e1cter homog\u00e9neo en todo el territorio valenciano.<\/p>\n\n\n\n<p>No obstante, desde la FAMPA tambi\u00e9n queremos se\u00f1alar que la norma presenta algunos aspectos pendientes de regular. En concreto, cada centro deber\u00e1 especificar en su propio reglamento interno c\u00f3mo se trabaja y c\u00f3mo se aplica la normativa.<\/p>\n\n\n\n<p>Consideramos que m\u00e1s all\u00e1 de la regulaci\u00f3n en el \u00e1mbito educativo, es importante abordar el uso del m\u00f3vil en la sociedad en general. Para evitar los problemas derivados de la adicci\u00f3n a los tel\u00e9fonos m\u00f3viles, es necesario fomentar la pedagog\u00eda y las buenas pr\u00e1cticas, en lugar de centrarse en la prohibici\u00f3n \u00fanicamente.<\/p>\n\n\n\n<p>En este sentido, desde la FAMPA Castell\u00f3 Penyagolosa programamos anualmente acciones formativas en nuestra escuela de familias, dirigidas a padres y madres, en el sentido de la prevenci\u00f3n del uso de los dispositivos m\u00f3viles.<\/p>\n\n\n\n<p>Celebramos la aprobaci\u00f3n de esta normativa y esperamos que se acompa\u00f1e de las medidas necesarias para dotarla de contenido, tanto en el \u00e1mbito econ\u00f3mico como en el \u00e1mbito de recursos humanos, para garantizar su efectiva aplicaci\u00f3n y conseguir un uso responsable de los dispositivos m\u00f3viles por parte de nuestros ni\u00f1os y ni\u00f1as.<\/p>\n\n\n\n<p><\/p>\n","protected":false},"excerpt":{"rendered":"<p>Hoy, lunes 6 de mayo, entra en vigor la normativa de regulaci\u00f3n del uso de dispositivos m\u00f3viles en centros educativos<\/p>\n","protected":false},"author":10,"featured_media":12576,"comment_status":"closed","ping_status":"closed","sticky":false,"template":"","format":"standard","meta":[],"categories":[527],"tags":[],"yoast_head":"<!-- This site is optimized with the Yoast SEO plugin v19.2 - https:\/\/yoast.com\/wordpress\/plugins\/seo\/ -->\n<title>La FAMPA valora la regulaci\u00f3n de los dispositivos m\u00f3viles en los centros educativos<\/title>\n<meta name=\"description\" content=\"Hoy, lunes 6 de mayo, entra en vigor la normativa de regulaci\u00f3n del uso de dispositivos m\u00f3viles en centros educativos\" \/>\n<meta name=\"robots\" content=\"index, follow, max-snippet:-1, max-image-preview:large, max-video-preview:-1\" \/>\n<link rel=\"canonical\" href=\"https:\/\/fapacastello.com\/es\/2024\/05\/06\/la-fampa-valora-la-regulacio-dels-dispositius-mobils-en-els-centres-educatius\/\" \/>\n<meta property=\"og:locale\" content=\"es_ES\" \/>\n<meta property=\"og:type\" content=\"article\" \/>\n<meta property=\"og:title\" content=\"La FAMPA valora la regulaci\u00f3n de los dispositivos m\u00f3viles en los centros educativos\" \/>\n<meta property=\"og:description\" content=\"Hoy, lunes 6 de mayo, entra en vigor la normativa de regulaci\u00f3n del uso de dispositivos m\u00f3viles en centros educativos\" \/>\n<meta property=\"og:url\" content=\"https:\/\/fapacastello.com\/es\/2024\/05\/06\/la-fampa-valora-la-regulacio-dels-dispositius-mobils-en-els-centres-educatius\/\" \/>\n<meta property=\"og:site_name\" content=\"FAMPA Castell\u00f3 Penyagolosa\" \/>\n<meta property=\"article:publisher\" content=\"http:\/\/www.facebook.com\/fapa.penyagolosa\" \/>\n<meta property=\"article:published_time\" content=\"2024-05-06T11:17:37+00:00\" \/>\n<meta property=\"article:modified_time\" content=\"2024-05-27T07:46:39+00:00\" \/>\n<meta property=\"og:image\" content=\"https:\/\/fapacastello.com\/wp-content\/uploads\/2024\/05\/BANNERS-WEB-1-1.jpg\" \/>\n\t<meta property=\"og:image:width\" content=\"2000\" \/>\n\t<meta property=\"og:image:height\" content=\"875\" \/>\n\t<meta property=\"og:image:type\" content=\"image\/jpeg\" \/>\n<meta name=\"author\" content=\"Raquel Garc\u00eda\" \/>\n<meta name=\"twitter:card\" content=\"summary\" \/>\n<meta name=\"twitter:creator\" content=\"@FAMPACS\" \/>\n<meta name=\"twitter:site\" content=\"@FAMPACS\" \/>\n<meta name=\"twitter:label1\" content=\"Escrito por\" \/>\n\t<meta name=\"twitter:data1\" content=\"Raquel Garc\u00eda\" \/>\n\t<meta name=\"twitter:label2\" content=\"Tiempo de lectura\" \/>\n\t<meta name=\"twitter:data2\" content=\"2 minutos\" \/>\n<script type=\"application\/ld+json\" class=\"yoast-schema-graph\">{\"@context\":\"https:\/\/schema.org\",\"@graph\":[{\"@type\":\"WebSite\",\"@id\":\"http:\/\/fapacastello.com\/es\/#website\",\"url\":\"http:\/\/fapacastello.com\/es\/\",\"name\":\"FAMPA Castell\u00f3 Penyagolosa\",\"description\":\"Fapa-Castell\u00f3n Penyagolosa. Federaci\u00f3n de Asociaciones de Padres i Madres de Alumnos Provincia de Castell\u00f3n.\",\"potentialAction\":[{\"@type\":\"SearchAction\",\"target\":{\"@type\":\"EntryPoint\",\"urlTemplate\":\"http:\/\/fapacastello.com\/es\/?s={search_term_string}\"},\"query-input\":\"required name=search_term_string\"}],\"inLanguage\":\"es\"},{\"@type\":\"ImageObject\",\"inLanguage\":\"es\",\"@id\":\"https:\/\/fapacastello.com\/es\/2024\/05\/06\/la-fampa-valora-la-regulacio-dels-dispositius-mobils-en-els-centres-educatius\/#primaryimage\",\"url\":\"http:\/\/fapacastello.com\/wp-content\/uploads\/2024\/05\/BANNERS-WEB-1-1.jpg\",\"contentUrl\":\"http:\/\/fapacastello.com\/wp-content\/uploads\/2024\/05\/BANNERS-WEB-1-1.jpg\",\"width\":2000,\"height\":875},{\"@type\":\"WebPage\",\"@id\":\"https:\/\/fapacastello.com\/es\/2024\/05\/06\/la-fampa-valora-la-regulacio-dels-dispositius-mobils-en-els-centres-educatius\/#webpage\",\"url\":\"https:\/\/fapacastello.com\/es\/2024\/05\/06\/la-fampa-valora-la-regulacio-dels-dispositius-mobils-en-els-centres-educatius\/\",\"name\":\"La FAMPA valora la regulaci\u00f3n de los dispositivos m\u00f3viles en los centros educativos\",\"isPartOf\":{\"@id\":\"http:\/\/fapacastello.com\/es\/#website\"},\"primaryImageOfPage\":{\"@id\":\"https:\/\/fapacastello.com\/es\/2024\/05\/06\/la-fampa-valora-la-regulacio-dels-dispositius-mobils-en-els-centres-educatius\/#primaryimage\"},\"datePublished\":\"2024-05-06T11:17:37+00:00\",\"dateModified\":\"2024-05-27T07:46:39+00:00\",\"author\":{\"@id\":\"http:\/\/fapacastello.com\/es\/#\/schema\/person\/91d59e41a269f5dee4a303027882f840\"},\"description\":\"Hoy, lunes 6 de mayo, entra en vigor la normativa de regulaci\u00f3n del uso de dispositivos m\u00f3viles en centros educativos\",\"breadcrumb\":{\"@id\":\"https:\/\/fapacastello.com\/es\/2024\/05\/06\/la-fampa-valora-la-regulacio-dels-dispositius-mobils-en-els-centres-educatius\/#breadcrumb\"},\"inLanguage\":\"es\",\"potentialAction\":[{\"@type\":\"ReadAction\",\"target\":[\"https:\/\/fapacastello.com\/es\/2024\/05\/06\/la-fampa-valora-la-regulacio-dels-dispositius-mobils-en-els-centres-educatius\/\"]}]},{\"@type\":\"BreadcrumbList\",\"@id\":\"https:\/\/fapacastello.com\/es\/2024\/05\/06\/la-fampa-valora-la-regulacio-dels-dispositius-mobils-en-els-centres-educatius\/#breadcrumb\",\"itemListElement\":[{\"@type\":\"ListItem\",\"position\":1,\"name\":\"Portada\",\"item\":\"http:\/\/fapacastello.com\/es\/\"},{\"@type\":\"ListItem\",\"position\":2,\"name\":\"La FAMPA valora la regulaci\u00f3n de los dispositivos m\u00f3viles en los centros educativos\"}]},{\"@type\":\"Person\",\"@id\":\"http:\/\/fapacastello.com\/es\/#\/schema\/person\/91d59e41a269f5dee4a303027882f840\",\"name\":\"Raquel Garc\u00eda\",\"image\":{\"@type\":\"ImageObject\",\"inLanguage\":\"es\",\"@id\":\"http:\/\/fapacastello.com\/es\/#\/schema\/person\/image\/\",\"url\":\"http:\/\/2.gravatar.com\/avatar\/55ba383e1db6bbbe8adcbe85e4cbe60d?s=96&d=mm&r=g\",\"contentUrl\":\"http:\/\/2.gravatar.com\/avatar\/55ba383e1db6bbbe8adcbe85e4cbe60d?s=96&d=mm&r=g\",\"caption\":\"Raquel Garc\u00eda\"},\"url\":\"http:\/\/fapacastello.com\/es\/author\/socraquel\/\"}]}<\/script>\n<!-- \/ Yoast SEO plugin. -->","yoast_head_json":{"title":"La FAMPA valora la regulaci\u00f3n de los dispositivos m\u00f3viles en los centros educativos","description":"Hoy, lunes 6 de mayo, entra en vigor la normativa de regulaci\u00f3n del uso de dispositivos m\u00f3viles en centros educativos","robots":{"index":"index","follow":"follow","max-snippet":"max-snippet:-1","max-image-preview":"max-image-preview:large","max-video-preview":"max-video-preview:-1"},"canonical":"https:\/\/fapacastello.com\/es\/2024\/05\/06\/la-fampa-valora-la-regulacio-dels-dispositius-mobils-en-els-centres-educatius\/","og_locale":"es_ES","og_type":"article","og_title":"La FAMPA valora la regulaci\u00f3n de los dispositivos m\u00f3viles en los centros educativos","og_description":"Hoy, lunes 6 de mayo, entra en vigor la normativa de regulaci\u00f3n del uso de dispositivos m\u00f3viles en centros educativos","og_url":"https:\/\/fapacastello.com\/es\/2024\/05\/06\/la-fampa-valora-la-regulacio-dels-dispositius-mobils-en-els-centres-educatius\/","og_site_name":"FAMPA Castell\u00f3 Penyagolosa","article_publisher":"http:\/\/www.facebook.com\/fapa.penyagolosa","article_published_time":"2024-05-06T11:17:37+00:00","article_modified_time":"2024-05-27T07:46:39+00:00","og_image":[{"width":2000,"height":875,"url":"https:\/\/fapacastello.com\/wp-content\/uploads\/2024\/05\/BANNERS-WEB-1-1.jpg","type":"image\/jpeg"}],"author":"Raquel Garc\u00eda","twitter_card":"summary","twitter_creator":"@FAMPACS","twitter_site":"@FAMPACS","twitter_misc":{"Escrito por":"Raquel Garc\u00eda","Tiempo de lectura":"2 minutos"},"schema":{"@context":"https:\/\/schema.org","@graph":[{"@type":"WebSite","@id":"http:\/\/fapacastello.com\/es\/#website","url":"http:\/\/fapacastello.com\/es\/","name":"FAMPA Castell\u00f3 Penyagolosa","description":"Fapa-Castell\u00f3n Penyagolosa. Federaci\u00f3n de Asociaciones de Padres i Madres de Alumnos Provincia de Castell\u00f3n.","potentialAction":[{"@type":"SearchAction","target":{"@type":"EntryPoint","urlTemplate":"http:\/\/fapacastello.com\/es\/?s={search_term_string}"},"query-input":"required name=search_term_string"}],"inLanguage":"es"},{"@type":"ImageObject","inLanguage":"es","@id":"https:\/\/fapacastello.com\/es\/2024\/05\/06\/la-fampa-valora-la-regulacio-dels-dispositius-mobils-en-els-centres-educatius\/#primaryimage","url":"http:\/\/fapacastello.com\/wp-content\/uploads\/2024\/05\/BANNERS-WEB-1-1.jpg","contentUrl":"http:\/\/fapacastello.com\/wp-content\/uploads\/2024\/05\/BANNERS-WEB-1-1.jpg","width":2000,"height":875},{"@type":"WebPage","@id":"https:\/\/fapacastello.com\/es\/2024\/05\/06\/la-fampa-valora-la-regulacio-dels-dispositius-mobils-en-els-centres-educatius\/#webpage","url":"https:\/\/fapacastello.com\/es\/2024\/05\/06\/la-fampa-valora-la-regulacio-dels-dispositius-mobils-en-els-centres-educatius\/","name":"La FAMPA valora la regulaci\u00f3n de los dispositivos m\u00f3viles en los centros educativos","isPartOf":{"@id":"http:\/\/fapacastello.com\/es\/#website"},"primaryImageOfPage":{"@id":"https:\/\/fapacastello.com\/es\/2024\/05\/06\/la-fampa-valora-la-regulacio-dels-dispositius-mobils-en-els-centres-educatius\/#primaryimage"},"datePublished":"2024-05-06T11:17:37+00:00","dateModified":"2024-05-27T07:46:39+00:00","author":{"@id":"http:\/\/fapacastello.com\/es\/#\/schema\/person\/91d59e41a269f5dee4a303027882f840"},"description":"Hoy, lunes 6 de mayo, entra en vigor la normativa de regulaci\u00f3n del uso de dispositivos m\u00f3viles en centros educativos","breadcrumb":{"@id":"https:\/\/fapacastello.com\/es\/2024\/05\/06\/la-fampa-valora-la-regulacio-dels-dispositius-mobils-en-els-centres-educatius\/#breadcrumb"},"inLanguage":"es","potentialAction":[{"@type":"ReadAction","target":["https:\/\/fapacastello.com\/es\/2024\/05\/06\/la-fampa-valora-la-regulacio-dels-dispositius-mobils-en-els-centres-educatius\/"]}]},{"@type":"BreadcrumbList","@id":"https:\/\/fapacastello.com\/es\/2024\/05\/06\/la-fampa-valora-la-regulacio-dels-dispositius-mobils-en-els-centres-educatius\/#breadcrumb","itemListElement":[{"@type":"ListItem","position":1,"name":"Portada","item":"http:\/\/fapacastello.com\/es\/"},{"@type":"ListItem","position":2,"name":"La FAMPA valora la regulaci\u00f3n de los dispositivos m\u00f3viles en los centros educativos"}]},{"@type":"Person","@id":"http:\/\/fapacastello.com\/es\/#\/schema\/person\/91d59e41a269f5dee4a303027882f840","name":"Raquel Garc\u00eda","image":{"@type":"ImageObject","inLanguage":"es","@id":"http:\/\/fapacastello.com\/es\/#\/schema\/person\/image\/","url":"http:\/\/2.gravatar.com\/avatar\/55ba383e1db6bbbe8adcbe85e4cbe60d?s=96&d=mm&r=g","contentUrl":"http:\/\/2.gravatar.com\/avatar\/55ba383e1db6bbbe8adcbe85e4cbe60d?s=96&d=mm&r=g","caption":"Raquel Garc\u00eda"},"url":"http:\/\/fapacastello.com\/es\/author\/socraquel\/"}]}},"_links":{"self":[{"href":"http:\/\/fapacastello.com\/es\/wp-json\/wp\/v2\/posts\/12578"}],"collection":[{"href":"http:\/\/fapacastello.com\/es\/wp-json\/wp\/v2\/posts"}],"about":[{"href":"http:\/\/fapacastello.com\/es\/wp-json\/wp\/v2\/types\/post"}],"author":[{"embeddable":true,"href":"http:\/\/fapacastello.com\/es\/wp-json\/wp\/v2\/users\/10"}],"replies":[{"embeddable":true,"href":"http:\/\/fapacastello.com\/es\/wp-json\/wp\/v2\/comments?post=12578"}],"version-history":[{"count":2,"href":"http:\/\/fapacastello.com\/es\/wp-json\/wp\/v2\/posts\/12578\/revisions"}],"predecessor-version":[{"id":12581,"href":"http:\/\/fapacastello.com\/es\/wp-json\/wp\/v2\/posts\/12578\/revisions\/12581"}],"wp:featuredmedia":[{"embeddable":true,"href":"http:\/\/fapacastello.com\/es\/wp-json\/wp\/v2\/media\/12576"}],"wp:attachment":[{"href":"http:\/\/fapacastello.com\/es\/wp-json\/wp\/v2\/media?parent=12578"}],"wp:term":[{"taxonomy":"category","embeddable":true,"href":"http:\/\/fapacastello.com\/es\/wp-json\/wp\/v2\/categories?post=12578"},{"taxonomy":"post_tag","embeddable":true,"href":"http:\/\/fapacastello.com\/es\/wp-json\/wp\/v2\/tags?post=12578"}],"curies":[{"name":"wp","href":"https:\/\/api.w.org\/{rel}","templated":true}]}}