

{"id":12613,"date":"2024-05-14T12:08:48","date_gmt":"2024-05-14T10:08:48","guid":{"rendered":"https:\/\/fapacastello.com\/?p=12613\/"},"modified":"2024-05-27T09:28:10","modified_gmt":"2024-05-27T07:28:10","slug":"la-fampa-denuncia-les-retallades-en-el-nou-arranjament-escolar-per-al-curs-2024-2025","status":"publish","type":"post","link":"http:\/\/fapacastello.com\/es\/2024\/05\/14\/la-fampa-denuncia-les-retallades-en-el-nou-arranjament-escolar-per-al-curs-2024-2025\/","title":{"rendered":"La FAMPA denuncia los recortes en el nuevo arreglo escolar para el curso 2024-2025"},"content":{"rendered":"\n<p>Castell\u00f3, 14 de mayo de 2024 &#8211; La FAMPA Castell\u00f3 Penyagolosa denuncia los alarmantes recortes que presenta la propuesta de arreglo escolar para el pr\u00f3ximo curso acad\u00e9mico 2024-2025 en la Comunidad Valenciana. Esta propuesta implica una reducci\u00f3n dr\u00e1stica de m\u00e1s de 200 aulas de Educaci\u00f3n Infantil y Primaria y aulas UECO en todo el territorio, afectando gravemente la educaci\u00f3n p\u00fablica.<\/p>\n\n\n\n<p>Una realidad dolorosa se repite de manera insistente: los recortes siempre caen sobre la escuela p\u00fablica, mientras que los centros concertados parecen permanecer inmunes en los efectos econ\u00f3micos y de baja natalidad. Este desequilibrio perpet\u00faa una situaci\u00f3n injusta e insostenible, dejando la escuela p\u00fablica en una posici\u00f3n de vulnerabilidad constante.<\/p>\n\n\n\n<p>En el caso concreto de la provincia de Castell\u00f3, las cifras son alarmantes. Se han suprimido una aula UECO, cuatro aulas de Educaci\u00f3n Infantil de 1.\u00ba ciclo, 16 aulas de 2.\u00ba ciclo y 22 aulas de Educaci\u00f3n Primaria en centros escolares de Alcora, Almassora, Bej\u00eds, Benassal, Benicarl\u00f3, Burriana, Borriol, Castell\u00f3 de la Plana, Cat\u00ed, Cinctorres, Cortes de Arenoso, Eslida, Forcall, Geldo, J\u00e9rica, La Jana, La Llosa, Moncofa, Morella, Onda, Oropesa del Mar, Rossell, la Salzadella, la Sierra Engarcer\u00e1n, Sot de Ferrer, Torreblanca, Traiguera, La Vall d\u2019Uix\u00f3, Vilanova d\u2019Alcolea, La Vilavella y Vinar\u00f2s.&nbsp;<\/p>\n\n\n\n<p>La Conseller\u00eda de Educaci\u00f3n, Universidades y Empleo subraya que el arreglo escolar para el pr\u00f3ximo curso 2024-2025 en Infantil, Primaria y aulas UECO remitido a los ayuntamientos esta semana es provisional, por lo cual todav\u00eda est\u00e1 abierto a modificaciones. As\u00ed pues, desde la federaci\u00f3n animamos a las familias de los centros afectados a presentar alegaciones a los consejos escolares municipales hasta el 21 de mayo y a secundar la huelga del 23 de mayo, que entre otros puntos tratar\u00e1 esta cuesti\u00f3n.<\/p>\n\n\n\n<p>Desde la FAMPA Castell\u00f3 Penyagolosa tenemos pendiente contactar con las AMPA de los centros afectados para llevar un seguimiento de la situaci\u00f3n y, si corresponde, ayudar a aquellas que deseen presentar dichas alegaciones.<\/p>\n\n\n\n<div class=\"wp-block-file\"><a id=\"wp-block-file--media-345abf36-df0f-41d4-a6f0-3d917f038de0\" href=\"https:\/\/fapacastello.com\/wp-content\/uploads\/2024\/05\/Proposta-darranjament-2024-2025.pdf\">Proposta arranjament 2024-2025<\/a><a href=\"https:\/\/fapacastello.com\/wp-content\/uploads\/2024\/05\/Proposta-darranjament-2024-2025.pdf\" class=\"wp-block-file__button\" download aria-describedby=\"wp-block-file--media-345abf36-df0f-41d4-a6f0-3d917f038de0\">Descarga<\/a><\/div>\n\n\n\n<div class=\"wp-block-file\"><a href=\"blob:https:\/\/fapacastello.com\/7087a6fe-0c8f-4fa6-ab9a-5af94930e249\" class=\"wp-block-file__button\" download>Descarga<\/a><\/div>\n","protected":false},"excerpt":{"rendered":"<p>Propuesta de arreglo escolar para el pr\u00f3ximo curso acad\u00e9mico implica una reducci\u00f3n dr\u00e1stica de m\u00e1s de 200 aulas de la escuela p\u00fablica.<\/p>\n","protected":false},"author":10,"featured_media":12611,"comment_status":"closed","ping_status":"closed","sticky":false,"template":"","format":"standard","meta":[],"categories":[527],"tags":[],"yoast_head":"<!-- This site is optimized with the Yoast SEO plugin v19.2 - https:\/\/yoast.com\/wordpress\/plugins\/seo\/ -->\n<title>La FAMPA denuncia los recortes en el nuevo arreglo escolar para el curso 2024-2025<\/title>\n<meta name=\"description\" content=\"Propuesta de arreglo escolar para el pr\u00f3ximo curso acad\u00e9mico implica una reducci\u00f3n dr\u00e1stica de m\u00e1s de 200 aulas de la escuela p\u00fablica.\" \/>\n<meta name=\"robots\" content=\"index, follow, max-snippet:-1, max-image-preview:large, max-video-preview:-1\" \/>\n<link rel=\"canonical\" href=\"https:\/\/fapacastello.com\/es\/2024\/05\/14\/la-fampa-denuncia-les-retallades-en-el-nou-arranjament-escolar-per-al-curs-2024-2025\/\" \/>\n<meta property=\"og:locale\" content=\"es_ES\" \/>\n<meta property=\"og:type\" content=\"article\" \/>\n<meta property=\"og:title\" content=\"La FAMPA denuncia los recortes en el nuevo arreglo escolar para el curso 2024-2025\" \/>\n<meta property=\"og:description\" content=\"Propuesta de arreglo escolar para el pr\u00f3ximo curso acad\u00e9mico implica una reducci\u00f3n dr\u00e1stica de m\u00e1s de 200 aulas de la escuela p\u00fablica.\" \/>\n<meta property=\"og:url\" content=\"https:\/\/fapacastello.com\/es\/2024\/05\/14\/la-fampa-denuncia-les-retallades-en-el-nou-arranjament-escolar-per-al-curs-2024-2025\/\" \/>\n<meta property=\"og:site_name\" content=\"FAMPA Castell\u00f3 Penyagolosa\" \/>\n<meta property=\"article:publisher\" content=\"http:\/\/www.facebook.com\/fapa.penyagolosa\" \/>\n<meta property=\"article:published_time\" content=\"2024-05-14T10:08:48+00:00\" \/>\n<meta property=\"article:modified_time\" content=\"2024-05-27T07:28:10+00:00\" \/>\n<meta property=\"og:image\" content=\"https:\/\/fapacastello.com\/wp-content\/uploads\/2024\/05\/BANNERS-WEB.png\" \/>\n\t<meta property=\"og:image:width\" content=\"2000\" \/>\n\t<meta property=\"og:image:height\" content=\"875\" \/>\n\t<meta property=\"og:image:type\" content=\"image\/png\" \/>\n<meta name=\"author\" content=\"Raquel Garc\u00eda\" \/>\n<meta name=\"twitter:card\" content=\"summary\" \/>\n<meta name=\"twitter:creator\" content=\"@FAMPACS\" \/>\n<meta name=\"twitter:site\" content=\"@FAMPACS\" \/>\n<meta name=\"twitter:label1\" content=\"Escrito por\" \/>\n\t<meta name=\"twitter:data1\" content=\"Raquel Garc\u00eda\" \/>\n\t<meta name=\"twitter:label2\" content=\"Tiempo de lectura\" \/>\n\t<meta name=\"twitter:data2\" content=\"2 minutos\" \/>\n<script type=\"application\/ld+json\" class=\"yoast-schema-graph\">{\"@context\":\"https:\/\/schema.org\",\"@graph\":[{\"@type\":\"WebSite\",\"@id\":\"http:\/\/fapacastello.com\/es\/#website\",\"url\":\"http:\/\/fapacastello.com\/es\/\",\"name\":\"FAMPA Castell\u00f3 Penyagolosa\",\"description\":\"Fapa-Castell\u00f3n Penyagolosa. Federaci\u00f3n de Asociaciones de Padres i Madres de Alumnos Provincia de Castell\u00f3n.\",\"potentialAction\":[{\"@type\":\"SearchAction\",\"target\":{\"@type\":\"EntryPoint\",\"urlTemplate\":\"http:\/\/fapacastello.com\/es\/?s={search_term_string}\"},\"query-input\":\"required name=search_term_string\"}],\"inLanguage\":\"es\"},{\"@type\":\"ImageObject\",\"inLanguage\":\"es\",\"@id\":\"https:\/\/fapacastello.com\/es\/2024\/05\/14\/la-fampa-denuncia-les-retallades-en-el-nou-arranjament-escolar-per-al-curs-2024-2025\/#primaryimage\",\"url\":\"http:\/\/fapacastello.com\/wp-content\/uploads\/2024\/05\/BANNERS-WEB.png\",\"contentUrl\":\"http:\/\/fapacastello.com\/wp-content\/uploads\/2024\/05\/BANNERS-WEB.png\",\"width\":2000,\"height\":875},{\"@type\":\"WebPage\",\"@id\":\"https:\/\/fapacastello.com\/es\/2024\/05\/14\/la-fampa-denuncia-les-retallades-en-el-nou-arranjament-escolar-per-al-curs-2024-2025\/#webpage\",\"url\":\"https:\/\/fapacastello.com\/es\/2024\/05\/14\/la-fampa-denuncia-les-retallades-en-el-nou-arranjament-escolar-per-al-curs-2024-2025\/\",\"name\":\"La FAMPA denuncia los recortes en el nuevo arreglo escolar para el curso 2024-2025\",\"isPartOf\":{\"@id\":\"http:\/\/fapacastello.com\/es\/#website\"},\"primaryImageOfPage\":{\"@id\":\"https:\/\/fapacastello.com\/es\/2024\/05\/14\/la-fampa-denuncia-les-retallades-en-el-nou-arranjament-escolar-per-al-curs-2024-2025\/#primaryimage\"},\"datePublished\":\"2024-05-14T10:08:48+00:00\",\"dateModified\":\"2024-05-27T07:28:10+00:00\",\"author\":{\"@id\":\"http:\/\/fapacastello.com\/es\/#\/schema\/person\/91d59e41a269f5dee4a303027882f840\"},\"description\":\"Propuesta de arreglo escolar para el pr\u00f3ximo curso acad\u00e9mico implica una reducci\u00f3n dr\u00e1stica de m\u00e1s de 200 aulas de la escuela p\u00fablica.\",\"breadcrumb\":{\"@id\":\"https:\/\/fapacastello.com\/es\/2024\/05\/14\/la-fampa-denuncia-les-retallades-en-el-nou-arranjament-escolar-per-al-curs-2024-2025\/#breadcrumb\"},\"inLanguage\":\"es\",\"potentialAction\":[{\"@type\":\"ReadAction\",\"target\":[\"https:\/\/fapacastello.com\/es\/2024\/05\/14\/la-fampa-denuncia-les-retallades-en-el-nou-arranjament-escolar-per-al-curs-2024-2025\/\"]}]},{\"@type\":\"BreadcrumbList\",\"@id\":\"https:\/\/fapacastello.com\/es\/2024\/05\/14\/la-fampa-denuncia-les-retallades-en-el-nou-arranjament-escolar-per-al-curs-2024-2025\/#breadcrumb\",\"itemListElement\":[{\"@type\":\"ListItem\",\"position\":1,\"name\":\"Portada\",\"item\":\"http:\/\/fapacastello.com\/es\/\"},{\"@type\":\"ListItem\",\"position\":2,\"name\":\"La FAMPA denuncia los recortes en el nuevo arreglo escolar para el curso 2024-2025\"}]},{\"@type\":\"Person\",\"@id\":\"http:\/\/fapacastello.com\/es\/#\/schema\/person\/91d59e41a269f5dee4a303027882f840\",\"name\":\"Raquel Garc\u00eda\",\"image\":{\"@type\":\"ImageObject\",\"inLanguage\":\"es\",\"@id\":\"http:\/\/fapacastello.com\/es\/#\/schema\/person\/image\/\",\"url\":\"http:\/\/2.gravatar.com\/avatar\/55ba383e1db6bbbe8adcbe85e4cbe60d?s=96&d=mm&r=g\",\"contentUrl\":\"http:\/\/2.gravatar.com\/avatar\/55ba383e1db6bbbe8adcbe85e4cbe60d?s=96&d=mm&r=g\",\"caption\":\"Raquel Garc\u00eda\"},\"url\":\"http:\/\/fapacastello.com\/es\/author\/socraquel\/\"}]}<\/script>\n<!-- \/ Yoast SEO plugin. -->","yoast_head_json":{"title":"La FAMPA denuncia los recortes en el nuevo arreglo escolar para el curso 2024-2025","description":"Propuesta de arreglo escolar para el pr\u00f3ximo curso acad\u00e9mico implica una reducci\u00f3n dr\u00e1stica de m\u00e1s de 200 aulas de la escuela p\u00fablica.","robots":{"index":"index","follow":"follow","max-snippet":"max-snippet:-1","max-image-preview":"max-image-preview:large","max-video-preview":"max-video-preview:-1"},"canonical":"https:\/\/fapacastello.com\/es\/2024\/05\/14\/la-fampa-denuncia-les-retallades-en-el-nou-arranjament-escolar-per-al-curs-2024-2025\/","og_locale":"es_ES","og_type":"article","og_title":"La FAMPA denuncia los recortes en el nuevo arreglo escolar para el curso 2024-2025","og_description":"Propuesta de arreglo escolar para el pr\u00f3ximo curso acad\u00e9mico implica una reducci\u00f3n dr\u00e1stica de m\u00e1s de 200 aulas de la escuela p\u00fablica.","og_url":"https:\/\/fapacastello.com\/es\/2024\/05\/14\/la-fampa-denuncia-les-retallades-en-el-nou-arranjament-escolar-per-al-curs-2024-2025\/","og_site_name":"FAMPA Castell\u00f3 Penyagolosa","article_publisher":"http:\/\/www.facebook.com\/fapa.penyagolosa","article_published_time":"2024-05-14T10:08:48+00:00","article_modified_time":"2024-05-27T07:28:10+00:00","og_image":[{"width":2000,"height":875,"url":"https:\/\/fapacastello.com\/wp-content\/uploads\/2024\/05\/BANNERS-WEB.png","type":"image\/png"}],"author":"Raquel Garc\u00eda","twitter_card":"summary","twitter_creator":"@FAMPACS","twitter_site":"@FAMPACS","twitter_misc":{"Escrito por":"Raquel Garc\u00eda","Tiempo de lectura":"2 minutos"},"schema":{"@context":"https:\/\/schema.org","@graph":[{"@type":"WebSite","@id":"http:\/\/fapacastello.com\/es\/#website","url":"http:\/\/fapacastello.com\/es\/","name":"FAMPA Castell\u00f3 Penyagolosa","description":"Fapa-Castell\u00f3n Penyagolosa. Federaci\u00f3n de Asociaciones de Padres i Madres de Alumnos Provincia de Castell\u00f3n.","potentialAction":[{"@type":"SearchAction","target":{"@type":"EntryPoint","urlTemplate":"http:\/\/fapacastello.com\/es\/?s={search_term_string}"},"query-input":"required name=search_term_string"}],"inLanguage":"es"},{"@type":"ImageObject","inLanguage":"es","@id":"https:\/\/fapacastello.com\/es\/2024\/05\/14\/la-fampa-denuncia-les-retallades-en-el-nou-arranjament-escolar-per-al-curs-2024-2025\/#primaryimage","url":"http:\/\/fapacastello.com\/wp-content\/uploads\/2024\/05\/BANNERS-WEB.png","contentUrl":"http:\/\/fapacastello.com\/wp-content\/uploads\/2024\/05\/BANNERS-WEB.png","width":2000,"height":875},{"@type":"WebPage","@id":"https:\/\/fapacastello.com\/es\/2024\/05\/14\/la-fampa-denuncia-les-retallades-en-el-nou-arranjament-escolar-per-al-curs-2024-2025\/#webpage","url":"https:\/\/fapacastello.com\/es\/2024\/05\/14\/la-fampa-denuncia-les-retallades-en-el-nou-arranjament-escolar-per-al-curs-2024-2025\/","name":"La FAMPA denuncia los recortes en el nuevo arreglo escolar para el curso 2024-2025","isPartOf":{"@id":"http:\/\/fapacastello.com\/es\/#website"},"primaryImageOfPage":{"@id":"https:\/\/fapacastello.com\/es\/2024\/05\/14\/la-fampa-denuncia-les-retallades-en-el-nou-arranjament-escolar-per-al-curs-2024-2025\/#primaryimage"},"datePublished":"2024-05-14T10:08:48+00:00","dateModified":"2024-05-27T07:28:10+00:00","author":{"@id":"http:\/\/fapacastello.com\/es\/#\/schema\/person\/91d59e41a269f5dee4a303027882f840"},"description":"Propuesta de arreglo escolar para el pr\u00f3ximo curso acad\u00e9mico implica una reducci\u00f3n dr\u00e1stica de m\u00e1s de 200 aulas de la escuela p\u00fablica.","breadcrumb":{"@id":"https:\/\/fapacastello.com\/es\/2024\/05\/14\/la-fampa-denuncia-les-retallades-en-el-nou-arranjament-escolar-per-al-curs-2024-2025\/#breadcrumb"},"inLanguage":"es","potentialAction":[{"@type":"ReadAction","target":["https:\/\/fapacastello.com\/es\/2024\/05\/14\/la-fampa-denuncia-les-retallades-en-el-nou-arranjament-escolar-per-al-curs-2024-2025\/"]}]},{"@type":"BreadcrumbList","@id":"https:\/\/fapacastello.com\/es\/2024\/05\/14\/la-fampa-denuncia-les-retallades-en-el-nou-arranjament-escolar-per-al-curs-2024-2025\/#breadcrumb","itemListElement":[{"@type":"ListItem","position":1,"name":"Portada","item":"http:\/\/fapacastello.com\/es\/"},{"@type":"ListItem","position":2,"name":"La FAMPA denuncia los recortes en el nuevo arreglo escolar para el curso 2024-2025"}]},{"@type":"Person","@id":"http:\/\/fapacastello.com\/es\/#\/schema\/person\/91d59e41a269f5dee4a303027882f840","name":"Raquel Garc\u00eda","image":{"@type":"ImageObject","inLanguage":"es","@id":"http:\/\/fapacastello.com\/es\/#\/schema\/person\/image\/","url":"http:\/\/2.gravatar.com\/avatar\/55ba383e1db6bbbe8adcbe85e4cbe60d?s=96&d=mm&r=g","contentUrl":"http:\/\/2.gravatar.com\/avatar\/55ba383e1db6bbbe8adcbe85e4cbe60d?s=96&d=mm&r=g","caption":"Raquel Garc\u00eda"},"url":"http:\/\/fapacastello.com\/es\/author\/socraquel\/"}]}},"_links":{"self":[{"href":"http:\/\/fapacastello.com\/es\/wp-json\/wp\/v2\/posts\/12613"}],"collection":[{"href":"http:\/\/fapacastello.com\/es\/wp-json\/wp\/v2\/posts"}],"about":[{"href":"http:\/\/fapacastello.com\/es\/wp-json\/wp\/v2\/types\/post"}],"author":[{"embeddable":true,"href":"http:\/\/fapacastello.com\/es\/wp-json\/wp\/v2\/users\/10"}],"replies":[{"embeddable":true,"href":"http:\/\/fapacastello.com\/es\/wp-json\/wp\/v2\/comments?post=12613"}],"version-history":[{"count":3,"href":"http:\/\/fapacastello.com\/es\/wp-json\/wp\/v2\/posts\/12613\/revisions"}],"predecessor-version":[{"id":12622,"href":"http:\/\/fapacastello.com\/es\/wp-json\/wp\/v2\/posts\/12613\/revisions\/12622"}],"wp:featuredmedia":[{"embeddable":true,"href":"http:\/\/fapacastello.com\/es\/wp-json\/wp\/v2\/media\/12611"}],"wp:attachment":[{"href":"http:\/\/fapacastello.com\/es\/wp-json\/wp\/v2\/media?parent=12613"}],"wp:term":[{"taxonomy":"category","embeddable":true,"href":"http:\/\/fapacastello.com\/es\/wp-json\/wp\/v2\/categories?post=12613"},{"taxonomy":"post_tag","embeddable":true,"href":"http:\/\/fapacastello.com\/es\/wp-json\/wp\/v2\/tags?post=12613"}],"curies":[{"name":"wp","href":"https:\/\/api.w.org\/{rel}","templated":true}]}}