

{"id":12778,"date":"2024-05-07T11:57:00","date_gmt":"2024-05-07T09:57:00","guid":{"rendered":"https:\/\/fapacastello.com\/?p=12778\/"},"modified":"2024-11-12T12:56:54","modified_gmt":"2024-11-12T11:56:54","slug":"la-fampa-de-castello-planteja-la-zonificacio-com-a-alternativa-al-districte-unic-a-castello-i-vila-real","status":"publish","type":"post","link":"http:\/\/fapacastello.com\/es\/2024\/05\/07\/la-fampa-de-castello-planteja-la-zonificacio-com-a-alternativa-al-districte-unic-a-castello-i-vila-real\/","title":{"rendered":"La FAMPA de Castell\u00f3 plantea la zonificaci\u00f3n como\u00a0 alternativa al distrito \u00fanico en Castell\u00f3 y Villarreal"},"content":{"rendered":"\n<p>En su momento, la FAMPA Castell\u00f3 Penyagolosa ya mostr\u00f3 su rotunda disconformidad con la decisi\u00f3n de Conselleria de incluir el distrito \u00fanico como criterio de admisi\u00f3n del alumnado para el curso 2024-2025. Consideramos que esta medida supone un retroceso en la calidad educativa y un paso hacia la segregaci\u00f3n escolar y que no se adec\u00faa a lo que la misma LOMLOE contempla.<\/p>\n\n\n\n<p>El distrito \u00fanico, que ya se aplic\u00f3 hace m\u00e1s de una d\u00e9cada y fue eliminado por sus consecuencias negativas, supone que el alumnado de una misma localidad competir\u00e1 por las plazas escolares sin tener en cuenta su proximidad al centro educativo. Esto perjudicar\u00e1 especialmente a las familias con menos recursos, que tendr\u00e1n m\u00e1s dificultades para matricular a sus hijos e hijas en centros pr\u00f3ximos a su casa. Adem\u00e1s, el distrito \u00fanico beneficia claramente a la escuela concertada y privada y contribuye a la segregaci\u00f3n del alumnado.<\/p>\n\n\n\n<p>Sin embargo, la publicaci\u00f3n reciente del Decreto 48\/2024 en el que se regula el proceso de admisi\u00f3n en los centros docentes para el pr\u00f3ximo curso 2024\/2025 abre la puerta en el art\u00edculo 4.2 a que los Consejos Escolares Municipales, si as\u00ed lo consideran, puedan proponer a la correspondiente Direcci\u00f3n Territorial el establecimiento de \u00e1reas de influencia a efectos de escolarizaci\u00f3n alternativas al distrito \u00fanico, como puede ser la zonificaci\u00f3n anteriormente existente.<\/p>\n\n\n\n<p>En nuestras comarcas, en el caso concreto de Castell\u00f3n y Villarreal, las \u00fanicas localidades donde se aplicaba la zonificaci\u00f3n antes de la implantaci\u00f3n del distrito \u00fanico, la FAMPA Castell\u00f3 Penyagolosa ha planteado a los correspondientes consejos escolares municipales la propuesta de mantener este sistema.<\/p>\n\n\n\n<p>En Villarreal, el consejo escolar aprob\u00f3 por mayor\u00eda la semana pasada una propuesta en este sentido. En Castell\u00f3n ciudad, la FAMPA Castell\u00f3 Penyagolosa ha hecho la misma propuesta y espera que pronto se convoque un consejo escolar municipal extraordinario para tratar este tema.<\/p>\n\n\n\n<p>En resumen, la FAMPA Castell\u00f3 Penyagolosa se opone firmemente al distrito \u00fanico y defiende la zonificaci\u00f3n como un sistema m\u00e1s justo y equitativo para la admisi\u00f3n del alumnado.<\/p>\n","protected":false},"excerpt":{"rendered":"<p>La FAMPA critica rotundamente la la decisi\u00f3n de Conselleria de incluir el distrito \u00fanico como criterio de admisi\u00f3n del alumnado para el curso 2024-2025. <\/p>\n","protected":false},"author":10,"featured_media":11640,"comment_status":"closed","ping_status":"closed","sticky":false,"template":"","format":"standard","meta":[],"categories":[527],"tags":[],"yoast_head":"<!-- This site is optimized with the Yoast SEO plugin v19.2 - https:\/\/yoast.com\/wordpress\/plugins\/seo\/ -->\n<title>La FAMPA de Castell\u00f3 plantea la zonificaci\u00f3n como\u00a0 alternativa al distrito \u00fanico en Castell\u00f3 y Villarreal<\/title>\n<meta name=\"description\" content=\"La FAMPA critica rotundament la decisi\u00f3 de Conselleria d&#039;incloure el districte \u00fanic com a criteri d&#039;admissi\u00f3 de l&#039;alumnat per al curs 2024-2025.\" \/>\n<meta name=\"robots\" content=\"index, follow, max-snippet:-1, max-image-preview:large, max-video-preview:-1\" \/>\n<link rel=\"canonical\" href=\"https:\/\/fapacastello.com\/es\/2024\/05\/07\/la-fampa-de-castello-planteja-la-zonificacio-com-a-alternativa-al-districte-unic-a-castello-i-vila-real\/\" \/>\n<meta property=\"og:locale\" content=\"es_ES\" \/>\n<meta property=\"og:type\" content=\"article\" \/>\n<meta property=\"og:title\" content=\"La FAMPA de Castell\u00f3 plantea la zonificaci\u00f3n como\u00a0 alternativa al distrito \u00fanico en Castell\u00f3 y Villarreal\" \/>\n<meta property=\"og:description\" content=\"La FAMPA critica rotundament la decisi\u00f3 de Conselleria d&#039;incloure el districte \u00fanic com a criteri d&#039;admissi\u00f3 de l&#039;alumnat per al curs 2024-2025.\" \/>\n<meta property=\"og:url\" content=\"https:\/\/fapacastello.com\/es\/2024\/05\/07\/la-fampa-de-castello-planteja-la-zonificacio-com-a-alternativa-al-districte-unic-a-castello-i-vila-real\/\" \/>\n<meta property=\"og:site_name\" content=\"FAMPA Castell\u00f3 Penyagolosa\" \/>\n<meta property=\"article:publisher\" content=\"http:\/\/www.facebook.com\/fapa.penyagolosa\" \/>\n<meta property=\"article:published_time\" content=\"2024-05-07T09:57:00+00:00\" \/>\n<meta property=\"article:modified_time\" content=\"2024-11-12T11:56:54+00:00\" \/>\n<meta property=\"og:image\" content=\"https:\/\/fapacastello.com\/wp-content\/uploads\/2023\/12\/BANNERS-WEB-1.jpg\" \/>\n\t<meta property=\"og:image:width\" content=\"2000\" \/>\n\t<meta property=\"og:image:height\" content=\"875\" \/>\n\t<meta property=\"og:image:type\" content=\"image\/jpeg\" \/>\n<meta name=\"author\" content=\"Raquel Garc\u00eda\" \/>\n<meta name=\"twitter:card\" content=\"summary\" \/>\n<meta name=\"twitter:creator\" content=\"@FAMPACS\" \/>\n<meta name=\"twitter:site\" content=\"@FAMPACS\" \/>\n<meta name=\"twitter:label1\" content=\"Escrito por\" \/>\n\t<meta name=\"twitter:data1\" content=\"Raquel Garc\u00eda\" \/>\n\t<meta name=\"twitter:label2\" content=\"Tiempo de lectura\" \/>\n\t<meta name=\"twitter:data2\" content=\"2 minutos\" \/>\n<script type=\"application\/ld+json\" class=\"yoast-schema-graph\">{\"@context\":\"https:\/\/schema.org\",\"@graph\":[{\"@type\":\"WebSite\",\"@id\":\"http:\/\/fapacastello.com\/es\/#website\",\"url\":\"http:\/\/fapacastello.com\/es\/\",\"name\":\"FAMPA Castell\u00f3 Penyagolosa\",\"description\":\"Fapa-Castell\u00f3n Penyagolosa. Federaci\u00f3n de Asociaciones de Padres i Madres de Alumnos Provincia de Castell\u00f3n.\",\"potentialAction\":[{\"@type\":\"SearchAction\",\"target\":{\"@type\":\"EntryPoint\",\"urlTemplate\":\"http:\/\/fapacastello.com\/es\/?s={search_term_string}\"},\"query-input\":\"required name=search_term_string\"}],\"inLanguage\":\"es\"},{\"@type\":\"ImageObject\",\"inLanguage\":\"es\",\"@id\":\"https:\/\/fapacastello.com\/es\/2024\/05\/07\/la-fampa-de-castello-planteja-la-zonificacio-com-a-alternativa-al-districte-unic-a-castello-i-vila-real\/#primaryimage\",\"url\":\"http:\/\/fapacastello.com\/wp-content\/uploads\/2023\/12\/BANNERS-WEB-1.jpg\",\"contentUrl\":\"http:\/\/fapacastello.com\/wp-content\/uploads\/2023\/12\/BANNERS-WEB-1.jpg\",\"width\":2000,\"height\":875},{\"@type\":\"WebPage\",\"@id\":\"https:\/\/fapacastello.com\/es\/2024\/05\/07\/la-fampa-de-castello-planteja-la-zonificacio-com-a-alternativa-al-districte-unic-a-castello-i-vila-real\/#webpage\",\"url\":\"https:\/\/fapacastello.com\/es\/2024\/05\/07\/la-fampa-de-castello-planteja-la-zonificacio-com-a-alternativa-al-districte-unic-a-castello-i-vila-real\/\",\"name\":\"La FAMPA de Castell\u00f3 plantea la zonificaci\u00f3n como\u00a0 alternativa al distrito \u00fanico en Castell\u00f3 y Villarreal\",\"isPartOf\":{\"@id\":\"http:\/\/fapacastello.com\/es\/#website\"},\"primaryImageOfPage\":{\"@id\":\"https:\/\/fapacastello.com\/es\/2024\/05\/07\/la-fampa-de-castello-planteja-la-zonificacio-com-a-alternativa-al-districte-unic-a-castello-i-vila-real\/#primaryimage\"},\"datePublished\":\"2024-05-07T09:57:00+00:00\",\"dateModified\":\"2024-11-12T11:56:54+00:00\",\"author\":{\"@id\":\"http:\/\/fapacastello.com\/es\/#\/schema\/person\/91d59e41a269f5dee4a303027882f840\"},\"description\":\"La FAMPA critica rotundament la decisi\u00f3 de Conselleria d'incloure el districte \u00fanic com a criteri d'admissi\u00f3 de l'alumnat per al curs 2024-2025.\",\"breadcrumb\":{\"@id\":\"https:\/\/fapacastello.com\/es\/2024\/05\/07\/la-fampa-de-castello-planteja-la-zonificacio-com-a-alternativa-al-districte-unic-a-castello-i-vila-real\/#breadcrumb\"},\"inLanguage\":\"es\",\"potentialAction\":[{\"@type\":\"ReadAction\",\"target\":[\"https:\/\/fapacastello.com\/es\/2024\/05\/07\/la-fampa-de-castello-planteja-la-zonificacio-com-a-alternativa-al-districte-unic-a-castello-i-vila-real\/\"]}]},{\"@type\":\"BreadcrumbList\",\"@id\":\"https:\/\/fapacastello.com\/es\/2024\/05\/07\/la-fampa-de-castello-planteja-la-zonificacio-com-a-alternativa-al-districte-unic-a-castello-i-vila-real\/#breadcrumb\",\"itemListElement\":[{\"@type\":\"ListItem\",\"position\":1,\"name\":\"Portada\",\"item\":\"http:\/\/fapacastello.com\/es\/\"},{\"@type\":\"ListItem\",\"position\":2,\"name\":\"La FAMPA de Castell\u00f3 plantea la zonificaci\u00f3n como\u00a0 alternativa al distrito \u00fanico en Castell\u00f3 y Villarreal\"}]},{\"@type\":\"Person\",\"@id\":\"http:\/\/fapacastello.com\/es\/#\/schema\/person\/91d59e41a269f5dee4a303027882f840\",\"name\":\"Raquel Garc\u00eda\",\"image\":{\"@type\":\"ImageObject\",\"inLanguage\":\"es\",\"@id\":\"http:\/\/fapacastello.com\/es\/#\/schema\/person\/image\/\",\"url\":\"http:\/\/2.gravatar.com\/avatar\/55ba383e1db6bbbe8adcbe85e4cbe60d?s=96&d=mm&r=g\",\"contentUrl\":\"http:\/\/2.gravatar.com\/avatar\/55ba383e1db6bbbe8adcbe85e4cbe60d?s=96&d=mm&r=g\",\"caption\":\"Raquel Garc\u00eda\"},\"url\":\"http:\/\/fapacastello.com\/es\/author\/socraquel\/\"}]}<\/script>\n<!-- \/ Yoast SEO plugin. -->","yoast_head_json":{"title":"La FAMPA de Castell\u00f3 plantea la zonificaci\u00f3n como\u00a0 alternativa al distrito \u00fanico en Castell\u00f3 y Villarreal","description":"La FAMPA critica rotundament la decisi\u00f3 de Conselleria d'incloure el districte \u00fanic com a criteri d'admissi\u00f3 de l'alumnat per al curs 2024-2025.","robots":{"index":"index","follow":"follow","max-snippet":"max-snippet:-1","max-image-preview":"max-image-preview:large","max-video-preview":"max-video-preview:-1"},"canonical":"https:\/\/fapacastello.com\/es\/2024\/05\/07\/la-fampa-de-castello-planteja-la-zonificacio-com-a-alternativa-al-districte-unic-a-castello-i-vila-real\/","og_locale":"es_ES","og_type":"article","og_title":"La FAMPA de Castell\u00f3 plantea la zonificaci\u00f3n como\u00a0 alternativa al distrito \u00fanico en Castell\u00f3 y Villarreal","og_description":"La FAMPA critica rotundament la decisi\u00f3 de Conselleria d'incloure el districte \u00fanic com a criteri d'admissi\u00f3 de l'alumnat per al curs 2024-2025.","og_url":"https:\/\/fapacastello.com\/es\/2024\/05\/07\/la-fampa-de-castello-planteja-la-zonificacio-com-a-alternativa-al-districte-unic-a-castello-i-vila-real\/","og_site_name":"FAMPA Castell\u00f3 Penyagolosa","article_publisher":"http:\/\/www.facebook.com\/fapa.penyagolosa","article_published_time":"2024-05-07T09:57:00+00:00","article_modified_time":"2024-11-12T11:56:54+00:00","og_image":[{"width":2000,"height":875,"url":"https:\/\/fapacastello.com\/wp-content\/uploads\/2023\/12\/BANNERS-WEB-1.jpg","type":"image\/jpeg"}],"author":"Raquel Garc\u00eda","twitter_card":"summary","twitter_creator":"@FAMPACS","twitter_site":"@FAMPACS","twitter_misc":{"Escrito por":"Raquel Garc\u00eda","Tiempo de lectura":"2 minutos"},"schema":{"@context":"https:\/\/schema.org","@graph":[{"@type":"WebSite","@id":"http:\/\/fapacastello.com\/es\/#website","url":"http:\/\/fapacastello.com\/es\/","name":"FAMPA Castell\u00f3 Penyagolosa","description":"Fapa-Castell\u00f3n Penyagolosa. Federaci\u00f3n de Asociaciones de Padres i Madres de Alumnos Provincia de Castell\u00f3n.","potentialAction":[{"@type":"SearchAction","target":{"@type":"EntryPoint","urlTemplate":"http:\/\/fapacastello.com\/es\/?s={search_term_string}"},"query-input":"required name=search_term_string"}],"inLanguage":"es"},{"@type":"ImageObject","inLanguage":"es","@id":"https:\/\/fapacastello.com\/es\/2024\/05\/07\/la-fampa-de-castello-planteja-la-zonificacio-com-a-alternativa-al-districte-unic-a-castello-i-vila-real\/#primaryimage","url":"http:\/\/fapacastello.com\/wp-content\/uploads\/2023\/12\/BANNERS-WEB-1.jpg","contentUrl":"http:\/\/fapacastello.com\/wp-content\/uploads\/2023\/12\/BANNERS-WEB-1.jpg","width":2000,"height":875},{"@type":"WebPage","@id":"https:\/\/fapacastello.com\/es\/2024\/05\/07\/la-fampa-de-castello-planteja-la-zonificacio-com-a-alternativa-al-districte-unic-a-castello-i-vila-real\/#webpage","url":"https:\/\/fapacastello.com\/es\/2024\/05\/07\/la-fampa-de-castello-planteja-la-zonificacio-com-a-alternativa-al-districte-unic-a-castello-i-vila-real\/","name":"La FAMPA de Castell\u00f3 plantea la zonificaci\u00f3n como\u00a0 alternativa al distrito \u00fanico en Castell\u00f3 y Villarreal","isPartOf":{"@id":"http:\/\/fapacastello.com\/es\/#website"},"primaryImageOfPage":{"@id":"https:\/\/fapacastello.com\/es\/2024\/05\/07\/la-fampa-de-castello-planteja-la-zonificacio-com-a-alternativa-al-districte-unic-a-castello-i-vila-real\/#primaryimage"},"datePublished":"2024-05-07T09:57:00+00:00","dateModified":"2024-11-12T11:56:54+00:00","author":{"@id":"http:\/\/fapacastello.com\/es\/#\/schema\/person\/91d59e41a269f5dee4a303027882f840"},"description":"La FAMPA critica rotundament la decisi\u00f3 de Conselleria d'incloure el districte \u00fanic com a criteri d'admissi\u00f3 de l'alumnat per al curs 2024-2025.","breadcrumb":{"@id":"https:\/\/fapacastello.com\/es\/2024\/05\/07\/la-fampa-de-castello-planteja-la-zonificacio-com-a-alternativa-al-districte-unic-a-castello-i-vila-real\/#breadcrumb"},"inLanguage":"es","potentialAction":[{"@type":"ReadAction","target":["https:\/\/fapacastello.com\/es\/2024\/05\/07\/la-fampa-de-castello-planteja-la-zonificacio-com-a-alternativa-al-districte-unic-a-castello-i-vila-real\/"]}]},{"@type":"BreadcrumbList","@id":"https:\/\/fapacastello.com\/es\/2024\/05\/07\/la-fampa-de-castello-planteja-la-zonificacio-com-a-alternativa-al-districte-unic-a-castello-i-vila-real\/#breadcrumb","itemListElement":[{"@type":"ListItem","position":1,"name":"Portada","item":"http:\/\/fapacastello.com\/es\/"},{"@type":"ListItem","position":2,"name":"La FAMPA de Castell\u00f3 plantea la zonificaci\u00f3n como\u00a0 alternativa al distrito \u00fanico en Castell\u00f3 y Villarreal"}]},{"@type":"Person","@id":"http:\/\/fapacastello.com\/es\/#\/schema\/person\/91d59e41a269f5dee4a303027882f840","name":"Raquel Garc\u00eda","image":{"@type":"ImageObject","inLanguage":"es","@id":"http:\/\/fapacastello.com\/es\/#\/schema\/person\/image\/","url":"http:\/\/2.gravatar.com\/avatar\/55ba383e1db6bbbe8adcbe85e4cbe60d?s=96&d=mm&r=g","contentUrl":"http:\/\/2.gravatar.com\/avatar\/55ba383e1db6bbbe8adcbe85e4cbe60d?s=96&d=mm&r=g","caption":"Raquel Garc\u00eda"},"url":"http:\/\/fapacastello.com\/es\/author\/socraquel\/"}]}},"_links":{"self":[{"href":"http:\/\/fapacastello.com\/es\/wp-json\/wp\/v2\/posts\/12778"}],"collection":[{"href":"http:\/\/fapacastello.com\/es\/wp-json\/wp\/v2\/posts"}],"about":[{"href":"http:\/\/fapacastello.com\/es\/wp-json\/wp\/v2\/types\/post"}],"author":[{"embeddable":true,"href":"http:\/\/fapacastello.com\/es\/wp-json\/wp\/v2\/users\/10"}],"replies":[{"embeddable":true,"href":"http:\/\/fapacastello.com\/es\/wp-json\/wp\/v2\/comments?post=12778"}],"version-history":[{"count":2,"href":"http:\/\/fapacastello.com\/es\/wp-json\/wp\/v2\/posts\/12778\/revisions"}],"predecessor-version":[{"id":12780,"href":"http:\/\/fapacastello.com\/es\/wp-json\/wp\/v2\/posts\/12778\/revisions\/12780"}],"wp:featuredmedia":[{"embeddable":true,"href":"http:\/\/fapacastello.com\/es\/wp-json\/wp\/v2\/media\/11640"}],"wp:attachment":[{"href":"http:\/\/fapacastello.com\/es\/wp-json\/wp\/v2\/media?parent=12778"}],"wp:term":[{"taxonomy":"category","embeddable":true,"href":"http:\/\/fapacastello.com\/es\/wp-json\/wp\/v2\/categories?post=12778"},{"taxonomy":"post_tag","embeddable":true,"href":"http:\/\/fapacastello.com\/es\/wp-json\/wp\/v2\/tags?post=12778"}],"curies":[{"name":"wp","href":"https:\/\/api.w.org\/{rel}","templated":true}]}}