

{"id":13036,"date":"2024-09-13T12:42:57","date_gmt":"2024-09-13T10:42:57","guid":{"rendered":"https:\/\/fapacastello.com\/?p=13036\/"},"modified":"2024-09-13T12:45:08","modified_gmt":"2024-09-13T10:45:08","slug":"butlleti-num-153%ef%bf%bc","status":"publish","type":"post","link":"http:\/\/fapacastello.com\/es\/2024\/09\/13\/butlleti-num-153%ef%bf%bc\/","title":{"rendered":"Bolet\u00edn n.\u00ba 153"},"content":{"rendered":"\n<p>Queridas familias,<\/p>\n\n\n\n<p>Ya est\u00e1 aqu\u00ed el bolet\u00edn de la FAMPA Castell\u00f3 Penyagolosa. En este, os presentamos, una semana m\u00e1s, tres actividades familiares gratuitas que tendr\u00e1n lugar en las localidades de nuestra provincia en los pr\u00f3ximos d\u00edas.<\/p>\n\n\n\n<p>Actividades:<\/p>\n\n\n\n<p><strong>Viernes 20 de septiembre<\/strong><\/p>\n\n\n\n<p>Mi Gran Caracol: Obra inspirada en Leonardo da Vinci, el gran inventor de la ingenier\u00eda art\u00edstica, donde construye un caracol gigante de madera que, tras completarse, cobra vida y emprende un emocionante viaje alrededor del mundo con sus compa\u00f1eros de aventura.<\/p>\n\n\n\n<ul><li>Lugar: Plaza de las Aulas.<\/li><li>Hora: de 20:00 a 21:00 h<\/li><\/ul>\n\n\n\n<p><strong>S\u00e1bado 21 de septiembre<\/strong><\/p>\n\n\n\n<p>El tabaco y el vapeo en la adolescencia: La formaci\u00f3n para familias ofrecer\u00e1 informaci\u00f3n sobre los peligros del tabaquismo y el vapeo en adolescentes y la importancia de promover el abandono de estos h\u00e1bitos mediante la educaci\u00f3n.<\/p>\n\n\n\n<ul><li>Lugar: Espacio cultural el Menador de Castell\u00f3n<\/li><li>Hora: 10:30 h<\/li><li>Inscripci\u00f3n:&nbsp;<a href=\"https:\/\/forms.gle\/SV5ni8cRmzb5u4dd6\">https:\/\/forms.gle\/SV5ni8cRmzb5u4dd6<\/a><\/li><\/ul>\n\n\n\n<p><strong>Viernes 27 de septiembre<\/strong><\/p>\n\n\n\n<p>Noche Europea de los Investigadores: M\u00e1s de 35 actividades, incluyendo talleres, charlas, visitas, demostraciones y juegos, con el objetivo de compartir la investigaci\u00f3n cient\u00edfica y las innovaciones con el p\u00fablico de todas las edades.<\/p>\n\n\n\n<ul><li>Lugar: \u00c1gora de la Universidad Jaume I<\/li><li>Hora: de 17 h a 20 h<\/li><li>M\u00e1s informaci\u00f3n:&nbsp;<a href=\"http:\/\/www.sciencegts.uji.es\/\">www.sciencegts.uji.es<\/a><\/li><\/ul>\n\n\n\n<p>Esperamos que les disfrut\u00e9is.<\/p>\n\n\n\n<div class=\"wp-block-file\"><object class=\"wp-block-file__embed\" data=\"https:\/\/fapacastello.com\/wp-content\/uploads\/2024\/09\/240913-Butlleti\u0301-153-VAL-i-CAS.pdf\" type=\"application\/pdf\" style=\"width:100%;height:600px\" aria-label=\"Incrustado de 240913-Butlleti\u0301-153-VAL-i-CAS.\"><\/object><a id=\"wp-block-file--media-a6d21847-014b-4d6c-8b23-0269c8be5ac1\" href=\"https:\/\/fapacastello.com\/wp-content\/uploads\/2024\/09\/240913-Butlleti\u0301-153-VAL-i-CAS.pdf\">240913-Butlleti\u0301-153-VAL-i-CAS<\/a><a href=\"https:\/\/fapacastello.com\/wp-content\/uploads\/2024\/09\/240913-Butlleti\u0301-153-VAL-i-CAS.pdf\" class=\"wp-block-file__button\" download aria-describedby=\"wp-block-file--media-a6d21847-014b-4d6c-8b23-0269c8be5ac1\">Descarga<\/a><\/div>\n","protected":false},"excerpt":{"rendered":"<p>Queridas familias, Ya est\u00e1 aqu\u00ed el bolet\u00edn de la FAMPA Castell\u00f3 Penyagolosa. En este, os presentamos, una semana m\u00e1s, tres actividades familiares gratuitas que tendr\u00e1n lugar en las localidades de nuestra provincia en los pr\u00f3ximos d\u00edas. Actividades: Viernes 20 de septiembre Mi Gran Caracol: Obra inspirada en Leonardo da Vinci, el gran inventor de la ingenier\u00eda art\u00edstica, donde construye un caracol gigante de madera que, tras completarse, cobra vida y emprende un emocionante viaje alrededor del mundo con sus compa\u00f1eros de aventura. Lugar: Plaza de las Aulas. Hora: de 20:00 a 21:00 h S\u00e1bado 21 de septiembre El tabaco y el vapeo en la adolescencia: La formaci\u00f3n para familias ofrecer\u00e1 informaci\u00f3n sobre los peligros del tabaquismo y el vapeo en adolescentes y la importancia de promover el abandono de estos h\u00e1bitos mediante la educaci\u00f3n. Lugar: Espacio cultural el Menador de Castell\u00f3n Hora: 10:30 h Inscripci\u00f3n:&nbsp;https:\/\/forms.gle\/SV5ni8cRmzb5u4dd6 Viernes 27 de septiembre Noche Europea de los Investigadores: M\u00e1s de 35 actividades, incluyendo talleres, charlas, visitas, demostraciones y juegos, con el objetivo de compartir la investigaci\u00f3n cient\u00edfica y las innovaciones con el p\u00fablico de todas las edades. Lugar: \u00c1gora de la Universidad Jaume I Hora: de 17 h a 20 h M\u00e1s informaci\u00f3n:&nbsp;www.sciencegts.uji.es Esperamos [&hellip;]<\/p>\n","protected":false},"author":10,"featured_media":13034,"comment_status":"closed","ping_status":"closed","sticky":false,"template":"","format":"standard","meta":[],"categories":[526],"tags":[],"yoast_head":"<!-- This site is optimized with the Yoast SEO plugin v19.2 - https:\/\/yoast.com\/wordpress\/plugins\/seo\/ -->\n<title>Bolet\u00edn n.\u00ba 153<\/title>\n<meta name=\"robots\" content=\"index, follow, max-snippet:-1, max-image-preview:large, max-video-preview:-1\" \/>\n<link rel=\"canonical\" href=\"http:\/\/fapacastello.com\/es\/2024\/09\/13\/butlleti-num-153\ufffc\/\" \/>\n<meta property=\"og:locale\" content=\"es_ES\" \/>\n<meta property=\"og:type\" content=\"article\" \/>\n<meta property=\"og:title\" content=\"Bolet\u00edn n.\u00ba 153\" \/>\n<meta property=\"og:description\" content=\"Queridas familias, Ya est\u00e1 aqu\u00ed el bolet\u00edn de la FAMPA Castell\u00f3 Penyagolosa. En este, os presentamos, una semana m\u00e1s, tres actividades familiares gratuitas que tendr\u00e1n lugar en las localidades de nuestra provincia en los pr\u00f3ximos d\u00edas. Actividades: Viernes 20 de septiembre Mi Gran Caracol: Obra inspirada en Leonardo da Vinci, el gran inventor de la ingenier\u00eda art\u00edstica, donde construye un caracol gigante de madera que, tras completarse, cobra vida y emprende un emocionante viaje alrededor del mundo con sus compa\u00f1eros de aventura. Lugar: Plaza de las Aulas. Hora: de 20:00 a 21:00 h S\u00e1bado 21 de septiembre El tabaco y el vapeo en la adolescencia: La formaci\u00f3n para familias ofrecer\u00e1 informaci\u00f3n sobre los peligros del tabaquismo y el vapeo en adolescentes y la importancia de promover el abandono de estos h\u00e1bitos mediante la educaci\u00f3n. Lugar: Espacio cultural el Menador de Castell\u00f3n Hora: 10:30 h Inscripci\u00f3n:&nbsp;https:\/\/forms.gle\/SV5ni8cRmzb5u4dd6 Viernes 27 de septiembre Noche Europea de los Investigadores: M\u00e1s de 35 actividades, incluyendo talleres, charlas, visitas, demostraciones y juegos, con el objetivo de compartir la investigaci\u00f3n cient\u00edfica y las innovaciones con el p\u00fablico de todas las edades. Lugar: \u00c1gora de la Universidad Jaume I Hora: de 17 h a 20 h M\u00e1s informaci\u00f3n:&nbsp;www.sciencegts.uji.es Esperamos [&hellip;]\" \/>\n<meta property=\"og:url\" content=\"http:\/\/fapacastello.com\/es\/2024\/09\/13\/butlleti-num-153\ufffc\/\" \/>\n<meta property=\"og:site_name\" content=\"FAMPA Castell\u00f3 Penyagolosa\" \/>\n<meta property=\"article:publisher\" content=\"http:\/\/www.facebook.com\/fapa.penyagolosa\" \/>\n<meta property=\"article:published_time\" content=\"2024-09-13T10:42:57+00:00\" \/>\n<meta property=\"article:modified_time\" content=\"2024-09-13T10:45:08+00:00\" \/>\n<meta property=\"og:image\" content=\"http:\/\/fapacastello.com\/wp-content\/uploads\/2024\/09\/Banner-butlleti\u0301-151.jpg\" \/>\n\t<meta property=\"og:image:width\" content=\"2560\" \/>\n\t<meta property=\"og:image:height\" content=\"1280\" \/>\n\t<meta property=\"og:image:type\" content=\"image\/jpeg\" \/>\n<meta name=\"author\" content=\"Raquel Garc\u00eda\" \/>\n<meta name=\"twitter:card\" content=\"summary\" \/>\n<meta name=\"twitter:creator\" content=\"@FAMPACS\" \/>\n<meta name=\"twitter:site\" content=\"@FAMPACS\" \/>\n<meta name=\"twitter:label1\" content=\"Escrito por\" \/>\n\t<meta name=\"twitter:data1\" content=\"Raquel Garc\u00eda\" \/>\n\t<meta name=\"twitter:label2\" content=\"Tiempo de lectura\" \/>\n\t<meta name=\"twitter:data2\" content=\"2 minutos\" \/>\n<script type=\"application\/ld+json\" class=\"yoast-schema-graph\">{\"@context\":\"https:\/\/schema.org\",\"@graph\":[{\"@type\":\"WebSite\",\"@id\":\"http:\/\/fapacastello.com\/es\/#website\",\"url\":\"http:\/\/fapacastello.com\/es\/\",\"name\":\"FAMPA Castell\u00f3 Penyagolosa\",\"description\":\"Fapa-Castell\u00f3n Penyagolosa. Federaci\u00f3n de Asociaciones de Padres i Madres de Alumnos Provincia de Castell\u00f3n.\",\"potentialAction\":[{\"@type\":\"SearchAction\",\"target\":{\"@type\":\"EntryPoint\",\"urlTemplate\":\"http:\/\/fapacastello.com\/es\/?s={search_term_string}\"},\"query-input\":\"required name=search_term_string\"}],\"inLanguage\":\"es\"},{\"@type\":\"ImageObject\",\"inLanguage\":\"es\",\"@id\":\"http:\/\/fapacastello.com\/es\/2024\/09\/13\/butlleti-num-153%ef%bf%bc\/#primaryimage\",\"url\":\"http:\/\/fapacastello.com\/wp-content\/uploads\/2024\/09\/Banner-butlleti\u0301-151.jpg\",\"contentUrl\":\"http:\/\/fapacastello.com\/wp-content\/uploads\/2024\/09\/Banner-butlleti\u0301-151.jpg\",\"width\":2560,\"height\":1280},{\"@type\":\"WebPage\",\"@id\":\"http:\/\/fapacastello.com\/es\/2024\/09\/13\/butlleti-num-153%ef%bf%bc\/#webpage\",\"url\":\"http:\/\/fapacastello.com\/es\/2024\/09\/13\/butlleti-num-153%ef%bf%bc\/\",\"name\":\"Bolet\u00edn n.\u00ba 153\",\"isPartOf\":{\"@id\":\"http:\/\/fapacastello.com\/es\/#website\"},\"primaryImageOfPage\":{\"@id\":\"http:\/\/fapacastello.com\/es\/2024\/09\/13\/butlleti-num-153%ef%bf%bc\/#primaryimage\"},\"datePublished\":\"2024-09-13T10:42:57+00:00\",\"dateModified\":\"2024-09-13T10:45:08+00:00\",\"author\":{\"@id\":\"http:\/\/fapacastello.com\/es\/#\/schema\/person\/91d59e41a269f5dee4a303027882f840\"},\"breadcrumb\":{\"@id\":\"http:\/\/fapacastello.com\/es\/2024\/09\/13\/butlleti-num-153%ef%bf%bc\/#breadcrumb\"},\"inLanguage\":\"es\",\"potentialAction\":[{\"@type\":\"ReadAction\",\"target\":[\"http:\/\/fapacastello.com\/es\/2024\/09\/13\/butlleti-num-153%ef%bf%bc\/\"]}]},{\"@type\":\"BreadcrumbList\",\"@id\":\"http:\/\/fapacastello.com\/es\/2024\/09\/13\/butlleti-num-153%ef%bf%bc\/#breadcrumb\",\"itemListElement\":[{\"@type\":\"ListItem\",\"position\":1,\"name\":\"Portada\",\"item\":\"http:\/\/fapacastello.com\/es\/\"},{\"@type\":\"ListItem\",\"position\":2,\"name\":\"Bolet\u00edn n.\u00ba 153\"}]},{\"@type\":\"Person\",\"@id\":\"http:\/\/fapacastello.com\/es\/#\/schema\/person\/91d59e41a269f5dee4a303027882f840\",\"name\":\"Raquel Garc\u00eda\",\"image\":{\"@type\":\"ImageObject\",\"inLanguage\":\"es\",\"@id\":\"http:\/\/fapacastello.com\/es\/#\/schema\/person\/image\/\",\"url\":\"http:\/\/2.gravatar.com\/avatar\/55ba383e1db6bbbe8adcbe85e4cbe60d?s=96&d=mm&r=g\",\"contentUrl\":\"http:\/\/2.gravatar.com\/avatar\/55ba383e1db6bbbe8adcbe85e4cbe60d?s=96&d=mm&r=g\",\"caption\":\"Raquel Garc\u00eda\"},\"url\":\"http:\/\/fapacastello.com\/es\/author\/socraquel\/\"}]}<\/script>\n<!-- \/ Yoast SEO plugin. -->","yoast_head_json":{"title":"Bolet\u00edn n.\u00ba 153","robots":{"index":"index","follow":"follow","max-snippet":"max-snippet:-1","max-image-preview":"max-image-preview:large","max-video-preview":"max-video-preview:-1"},"canonical":"http:\/\/fapacastello.com\/es\/2024\/09\/13\/butlleti-num-153\ufffc\/","og_locale":"es_ES","og_type":"article","og_title":"Bolet\u00edn n.\u00ba 153","og_description":"Queridas familias, Ya est\u00e1 aqu\u00ed el bolet\u00edn de la FAMPA Castell\u00f3 Penyagolosa. En este, os presentamos, una semana m\u00e1s, tres actividades familiares gratuitas que tendr\u00e1n lugar en las localidades de nuestra provincia en los pr\u00f3ximos d\u00edas. Actividades: Viernes 20 de septiembre Mi Gran Caracol: Obra inspirada en Leonardo da Vinci, el gran inventor de la ingenier\u00eda art\u00edstica, donde construye un caracol gigante de madera que, tras completarse, cobra vida y emprende un emocionante viaje alrededor del mundo con sus compa\u00f1eros de aventura. Lugar: Plaza de las Aulas. Hora: de 20:00 a 21:00 h S\u00e1bado 21 de septiembre El tabaco y el vapeo en la adolescencia: La formaci\u00f3n para familias ofrecer\u00e1 informaci\u00f3n sobre los peligros del tabaquismo y el vapeo en adolescentes y la importancia de promover el abandono de estos h\u00e1bitos mediante la educaci\u00f3n. Lugar: Espacio cultural el Menador de Castell\u00f3n Hora: 10:30 h Inscripci\u00f3n:&nbsp;https:\/\/forms.gle\/SV5ni8cRmzb5u4dd6 Viernes 27 de septiembre Noche Europea de los Investigadores: M\u00e1s de 35 actividades, incluyendo talleres, charlas, visitas, demostraciones y juegos, con el objetivo de compartir la investigaci\u00f3n cient\u00edfica y las innovaciones con el p\u00fablico de todas las edades. Lugar: \u00c1gora de la Universidad Jaume I Hora: de 17 h a 20 h M\u00e1s informaci\u00f3n:&nbsp;www.sciencegts.uji.es Esperamos [&hellip;]","og_url":"http:\/\/fapacastello.com\/es\/2024\/09\/13\/butlleti-num-153\ufffc\/","og_site_name":"FAMPA Castell\u00f3 Penyagolosa","article_publisher":"http:\/\/www.facebook.com\/fapa.penyagolosa","article_published_time":"2024-09-13T10:42:57+00:00","article_modified_time":"2024-09-13T10:45:08+00:00","og_image":[{"width":2560,"height":1280,"url":"http:\/\/fapacastello.com\/wp-content\/uploads\/2024\/09\/Banner-butlleti\u0301-151.jpg","type":"image\/jpeg"}],"author":"Raquel Garc\u00eda","twitter_card":"summary","twitter_creator":"@FAMPACS","twitter_site":"@FAMPACS","twitter_misc":{"Escrito por":"Raquel Garc\u00eda","Tiempo de lectura":"2 minutos"},"schema":{"@context":"https:\/\/schema.org","@graph":[{"@type":"WebSite","@id":"http:\/\/fapacastello.com\/es\/#website","url":"http:\/\/fapacastello.com\/es\/","name":"FAMPA Castell\u00f3 Penyagolosa","description":"Fapa-Castell\u00f3n Penyagolosa. Federaci\u00f3n de Asociaciones de Padres i Madres de Alumnos Provincia de Castell\u00f3n.","potentialAction":[{"@type":"SearchAction","target":{"@type":"EntryPoint","urlTemplate":"http:\/\/fapacastello.com\/es\/?s={search_term_string}"},"query-input":"required name=search_term_string"}],"inLanguage":"es"},{"@type":"ImageObject","inLanguage":"es","@id":"http:\/\/fapacastello.com\/es\/2024\/09\/13\/butlleti-num-153%ef%bf%bc\/#primaryimage","url":"http:\/\/fapacastello.com\/wp-content\/uploads\/2024\/09\/Banner-butlleti\u0301-151.jpg","contentUrl":"http:\/\/fapacastello.com\/wp-content\/uploads\/2024\/09\/Banner-butlleti\u0301-151.jpg","width":2560,"height":1280},{"@type":"WebPage","@id":"http:\/\/fapacastello.com\/es\/2024\/09\/13\/butlleti-num-153%ef%bf%bc\/#webpage","url":"http:\/\/fapacastello.com\/es\/2024\/09\/13\/butlleti-num-153%ef%bf%bc\/","name":"Bolet\u00edn n.\u00ba 153","isPartOf":{"@id":"http:\/\/fapacastello.com\/es\/#website"},"primaryImageOfPage":{"@id":"http:\/\/fapacastello.com\/es\/2024\/09\/13\/butlleti-num-153%ef%bf%bc\/#primaryimage"},"datePublished":"2024-09-13T10:42:57+00:00","dateModified":"2024-09-13T10:45:08+00:00","author":{"@id":"http:\/\/fapacastello.com\/es\/#\/schema\/person\/91d59e41a269f5dee4a303027882f840"},"breadcrumb":{"@id":"http:\/\/fapacastello.com\/es\/2024\/09\/13\/butlleti-num-153%ef%bf%bc\/#breadcrumb"},"inLanguage":"es","potentialAction":[{"@type":"ReadAction","target":["http:\/\/fapacastello.com\/es\/2024\/09\/13\/butlleti-num-153%ef%bf%bc\/"]}]},{"@type":"BreadcrumbList","@id":"http:\/\/fapacastello.com\/es\/2024\/09\/13\/butlleti-num-153%ef%bf%bc\/#breadcrumb","itemListElement":[{"@type":"ListItem","position":1,"name":"Portada","item":"http:\/\/fapacastello.com\/es\/"},{"@type":"ListItem","position":2,"name":"Bolet\u00edn n.\u00ba 153"}]},{"@type":"Person","@id":"http:\/\/fapacastello.com\/es\/#\/schema\/person\/91d59e41a269f5dee4a303027882f840","name":"Raquel Garc\u00eda","image":{"@type":"ImageObject","inLanguage":"es","@id":"http:\/\/fapacastello.com\/es\/#\/schema\/person\/image\/","url":"http:\/\/2.gravatar.com\/avatar\/55ba383e1db6bbbe8adcbe85e4cbe60d?s=96&d=mm&r=g","contentUrl":"http:\/\/2.gravatar.com\/avatar\/55ba383e1db6bbbe8adcbe85e4cbe60d?s=96&d=mm&r=g","caption":"Raquel Garc\u00eda"},"url":"http:\/\/fapacastello.com\/es\/author\/socraquel\/"}]}},"_links":{"self":[{"href":"http:\/\/fapacastello.com\/es\/wp-json\/wp\/v2\/posts\/13036"}],"collection":[{"href":"http:\/\/fapacastello.com\/es\/wp-json\/wp\/v2\/posts"}],"about":[{"href":"http:\/\/fapacastello.com\/es\/wp-json\/wp\/v2\/types\/post"}],"author":[{"embeddable":true,"href":"http:\/\/fapacastello.com\/es\/wp-json\/wp\/v2\/users\/10"}],"replies":[{"embeddable":true,"href":"http:\/\/fapacastello.com\/es\/wp-json\/wp\/v2\/comments?post=13036"}],"version-history":[{"count":3,"href":"http:\/\/fapacastello.com\/es\/wp-json\/wp\/v2\/posts\/13036\/revisions"}],"predecessor-version":[{"id":13039,"href":"http:\/\/fapacastello.com\/es\/wp-json\/wp\/v2\/posts\/13036\/revisions\/13039"}],"wp:featuredmedia":[{"embeddable":true,"href":"http:\/\/fapacastello.com\/es\/wp-json\/wp\/v2\/media\/13034"}],"wp:attachment":[{"href":"http:\/\/fapacastello.com\/es\/wp-json\/wp\/v2\/media?parent=13036"}],"wp:term":[{"taxonomy":"category","embeddable":true,"href":"http:\/\/fapacastello.com\/es\/wp-json\/wp\/v2\/categories?post=13036"},{"taxonomy":"post_tag","embeddable":true,"href":"http:\/\/fapacastello.com\/es\/wp-json\/wp\/v2\/tags?post=13036"}],"curies":[{"name":"wp","href":"https:\/\/api.w.org\/{rel}","templated":true}]}}