

{"id":13161,"date":"2024-10-01T20:00:00","date_gmt":"2024-10-01T18:00:00","guid":{"rendered":"https:\/\/fapacastello.com\/?p=13161\/"},"modified":"2024-10-21T12:32:23","modified_gmt":"2024-10-21T10:32:23","slug":"les-afa-de-la-provincia-de-castello-es-formen-amb-la-fampa-per-millorar-la-seua-gestio-documental","status":"publish","type":"post","link":"http:\/\/fapacastello.com\/es\/2024\/10\/01\/les-afa-de-la-provincia-de-castello-es-formen-amb-la-fampa-per-millorar-la-seua-gestio-documental\/","title":{"rendered":"Las AFA de la provincia de Castell\u00f3 se forman con la FAMPA para mejorar su gesti\u00f3n documental"},"content":{"rendered":"\n<p>Representantes de 20 Asociaciones de Familias de Alumnos (AFA) de escuelas, institutos, conservatorios y guarder\u00edas infantiles de la provincia de Castell\u00f3n han participado en una formaci\u00f3n organizada por la Federaci\u00f3n de Asociaciones de Madres y Padres de Alumnos (FAMPA) de Castell\u00f3n. Esta formaci\u00f3n ha tenido como objetivo dotar a las asociaciones de las herramientas necesarias para organizar adecuadamente su documentaci\u00f3n y mejorar su gesti\u00f3n interna.<\/p>\n\n\n\n<p>La sesi\u00f3n, impartida por la trabajadora de la FAMPA, M\u00f3nica L\u00f3pez, ha sido especialmente \u00fatil para las juntas directivas que se han constituido recientemente o que han asumido sus funciones hace poco tiempo, as\u00ed como para las asociaciones con m\u00e1s trayectoria que desean perfeccionar la organizaci\u00f3n documental para garantizar una transici\u00f3n fluida a futuras juntas.<\/p>\n\n\n\n<p>El taller ha sido eminentemente pr\u00e1ctico, bas\u00e1ndose en un sistema de fundas para organizar 24 \u00edtems esenciales, como el Acta fundacional, los Estatutos, el Certificado electr\u00f3nico o el Seguro de responsabilidad civil, entre otros documentos clave para el correcto funcionamiento de las AFA.<\/p>\n\n\n\n<p>Adem\u00e1s, desde la FAMPA se ha facilitado todo el material necesario, as\u00ed como documentos personalizados para cada asociaci\u00f3n, extra\u00eddos de las webs de la administraci\u00f3n p\u00fablica. Durante la formaci\u00f3n, tambi\u00e9n se ha instruido a las AFA sobre c\u00f3mo rellenar correctamente los documentos que no ten\u00edan completados o que no sab\u00edan c\u00f3mo actualizar, y se ha ofrecido apoyo para adaptar los estatutos a la normativa vigente.<\/p>\n\n\n\n<p>Esta actividad se enmarca dentro del proyecto \u201cLa FAMPA te forma: edici\u00f3n juntas directivas\u201d, un programa formativo dirigido a las juntas directivas de las AFA con el objetivo de mejorar su gesti\u00f3n y organizaci\u00f3n. Este proyecto innovador busca proporcionar a las asociaciones los conocimientos necesarios para enfrentarse a sus retos en \u00e1mbitos como la gesti\u00f3n documental, la comunicaci\u00f3n y la gesti\u00f3n de subvenciones.<\/p>\n\n\n\n<p>El programa incluye varias sesiones pr\u00e1cticas e interactivas que abordar\u00e1n otros temas clave para el funcionamiento de las AFA durante todo el mes de octubre. Estas sesiones contar\u00e1n con la participaci\u00f3n de expertos en cada una de las materias y se llevar\u00e1n a cabo tanto de manera presencial como en l\u00ednea, facilitando as\u00ed la participaci\u00f3n de todas las asociaciones interesadas.<\/p>\n\n\n\n<figure class=\"wp-container-2 wp-block-gallery-1 wp-block-gallery has-nested-images columns-default is-cropped\">\n<figure class=\"wp-block-image size-large\"><img loading=\"lazy\" width=\"1024\" height=\"768\" data-id=\"13156\"  src=\"https:\/\/fapacastello.com\/wp-content\/uploads\/2024\/10\/IMG_8654-1024x768.jpg\" alt=\"\" class=\"wp-image-13156\" srcset=\"http:\/\/fapacastello.com\/wp-content\/uploads\/2024\/10\/IMG_8654-1024x768.jpg 1024w, http:\/\/fapacastello.com\/wp-content\/uploads\/2024\/10\/IMG_8654-300x225.jpg 300w, http:\/\/fapacastello.com\/wp-content\/uploads\/2024\/10\/IMG_8654-768x576.jpg 768w, http:\/\/fapacastello.com\/wp-content\/uploads\/2024\/10\/IMG_8654-1536x1152.jpg 1536w, http:\/\/fapacastello.com\/wp-content\/uploads\/2024\/10\/IMG_8654-2048x1536.jpg 2048w, http:\/\/fapacastello.com\/wp-content\/uploads\/2024\/10\/IMG_8654-195x146.jpg 195w, http:\/\/fapacastello.com\/wp-content\/uploads\/2024\/10\/IMG_8654-50x38.jpg 50w, http:\/\/fapacastello.com\/wp-content\/uploads\/2024\/10\/IMG_8654-100x75.jpg 100w\" sizes=\"(max-width: 1024px) 100vw, 1024px\" \/><\/figure>\n\n\n\n<figure class=\"wp-block-image size-large\"><img loading=\"lazy\" width=\"1024\" height=\"768\" data-id=\"13154\"  src=\"https:\/\/fapacastello.com\/wp-content\/uploads\/2024\/10\/IMG_8669-1024x768.jpg\" alt=\"\" class=\"wp-image-13154\" srcset=\"http:\/\/fapacastello.com\/wp-content\/uploads\/2024\/10\/IMG_8669-1024x768.jpg 1024w, http:\/\/fapacastello.com\/wp-content\/uploads\/2024\/10\/IMG_8669-300x225.jpg 300w, http:\/\/fapacastello.com\/wp-content\/uploads\/2024\/10\/IMG_8669-768x576.jpg 768w, http:\/\/fapacastello.com\/wp-content\/uploads\/2024\/10\/IMG_8669-1536x1152.jpg 1536w, http:\/\/fapacastello.com\/wp-content\/uploads\/2024\/10\/IMG_8669-2048x1536.jpg 2048w, http:\/\/fapacastello.com\/wp-content\/uploads\/2024\/10\/IMG_8669-195x146.jpg 195w, http:\/\/fapacastello.com\/wp-content\/uploads\/2024\/10\/IMG_8669-50x38.jpg 50w, http:\/\/fapacastello.com\/wp-content\/uploads\/2024\/10\/IMG_8669-100x75.jpg 100w\" sizes=\"(max-width: 1024px) 100vw, 1024px\" \/><\/figure>\n\n\n\n<figure class=\"wp-block-image size-large\"><img loading=\"lazy\" width=\"1024\" height=\"768\" data-id=\"13152\"  src=\"https:\/\/fapacastello.com\/wp-content\/uploads\/2024\/10\/IMG_8666-1024x768.jpg\" alt=\"\" class=\"wp-image-13152\" srcset=\"http:\/\/fapacastello.com\/wp-content\/uploads\/2024\/10\/IMG_8666-1024x768.jpg 1024w, http:\/\/fapacastello.com\/wp-content\/uploads\/2024\/10\/IMG_8666-300x225.jpg 300w, http:\/\/fapacastello.com\/wp-content\/uploads\/2024\/10\/IMG_8666-768x576.jpg 768w, http:\/\/fapacastello.com\/wp-content\/uploads\/2024\/10\/IMG_8666-1536x1152.jpg 1536w, http:\/\/fapacastello.com\/wp-content\/uploads\/2024\/10\/IMG_8666-2048x1536.jpg 2048w, http:\/\/fapacastello.com\/wp-content\/uploads\/2024\/10\/IMG_8666-195x146.jpg 195w, http:\/\/fapacastello.com\/wp-content\/uploads\/2024\/10\/IMG_8666-50x38.jpg 50w, http:\/\/fapacastello.com\/wp-content\/uploads\/2024\/10\/IMG_8666-100x75.jpg 100w\" sizes=\"(max-width: 1024px) 100vw, 1024px\" \/><\/figure>\n\n\n\n<figure class=\"wp-block-image size-large\"><img loading=\"lazy\" width=\"1024\" height=\"768\" data-id=\"13150\"  src=\"https:\/\/fapacastello.com\/wp-content\/uploads\/2024\/10\/IMG_8664-1024x768.jpg\" alt=\"\" class=\"wp-image-13150\" srcset=\"http:\/\/fapacastello.com\/wp-content\/uploads\/2024\/10\/IMG_8664-1024x768.jpg 1024w, http:\/\/fapacastello.com\/wp-content\/uploads\/2024\/10\/IMG_8664-300x225.jpg 300w, http:\/\/fapacastello.com\/wp-content\/uploads\/2024\/10\/IMG_8664-768x576.jpg 768w, http:\/\/fapacastello.com\/wp-content\/uploads\/2024\/10\/IMG_8664-1536x1152.jpg 1536w, http:\/\/fapacastello.com\/wp-content\/uploads\/2024\/10\/IMG_8664-2048x1536.jpg 2048w, http:\/\/fapacastello.com\/wp-content\/uploads\/2024\/10\/IMG_8664-195x146.jpg 195w, http:\/\/fapacastello.com\/wp-content\/uploads\/2024\/10\/IMG_8664-50x38.jpg 50w, http:\/\/fapacastello.com\/wp-content\/uploads\/2024\/10\/IMG_8664-100x75.jpg 100w\" sizes=\"(max-width: 1024px) 100vw, 1024px\" \/><\/figure>\n\n\n\n<figure class=\"wp-block-image size-large\"><img loading=\"lazy\" width=\"1024\" height=\"768\" data-id=\"13148\"  src=\"https:\/\/fapacastello.com\/wp-content\/uploads\/2024\/10\/IMG_8673-1024x768.jpg\" alt=\"\" class=\"wp-image-13148\" srcset=\"http:\/\/fapacastello.com\/wp-content\/uploads\/2024\/10\/IMG_8673-1024x768.jpg 1024w, http:\/\/fapacastello.com\/wp-content\/uploads\/2024\/10\/IMG_8673-300x225.jpg 300w, http:\/\/fapacastello.com\/wp-content\/uploads\/2024\/10\/IMG_8673-768x576.jpg 768w, http:\/\/fapacastello.com\/wp-content\/uploads\/2024\/10\/IMG_8673-1536x1152.jpg 1536w, http:\/\/fapacastello.com\/wp-content\/uploads\/2024\/10\/IMG_8673-2048x1536.jpg 2048w, http:\/\/fapacastello.com\/wp-content\/uploads\/2024\/10\/IMG_8673-195x146.jpg 195w, http:\/\/fapacastello.com\/wp-content\/uploads\/2024\/10\/IMG_8673-50x38.jpg 50w, http:\/\/fapacastello.com\/wp-content\/uploads\/2024\/10\/IMG_8673-100x75.jpg 100w\" sizes=\"(max-width: 1024px) 100vw, 1024px\" \/><\/figure>\n<\/figure>\n","protected":false},"excerpt":{"rendered":"<p>Representantes de 20 Asociaciones de Familias de Alumnos (AFA) de escuelas, institutos, conservatorios y guarder\u00edas infantiles de la provincia de Castell\u00f3n han participado en una formaci\u00f3n organizada por la Federaci\u00f3n de Asociaciones de Madres y Padres de Alumnos (FAMPA) de Castell\u00f3n. Esta formaci\u00f3n ha tenido como objetivo dotar a las asociaciones de las herramientas necesarias para organizar adecuadamente su documentaci\u00f3n y mejorar su gesti\u00f3n interna. La sesi\u00f3n, impartida por la trabajadora de la FAMPA, M\u00f3nica L\u00f3pez, ha sido especialmente \u00fatil para las juntas directivas que se han constituido recientemente o que han asumido sus funciones hace poco tiempo, as\u00ed como para las asociaciones con m\u00e1s trayectoria que desean perfeccionar la organizaci\u00f3n documental para garantizar una transici\u00f3n fluida a futuras juntas. El taller ha sido eminentemente pr\u00e1ctico, bas\u00e1ndose en un sistema de fundas para organizar 24 \u00edtems esenciales, como el Acta fundacional, los Estatutos, el Certificado electr\u00f3nico o el Seguro de responsabilidad civil, entre otros documentos clave para el correcto funcionamiento de las AFA. Adem\u00e1s, desde la FAMPA se ha facilitado todo el material necesario, as\u00ed como documentos personalizados para cada asociaci\u00f3n, extra\u00eddos de las webs de la administraci\u00f3n p\u00fablica. Durante la formaci\u00f3n, tambi\u00e9n se ha instruido a las AFA sobre [&hellip;]<\/p>\n","protected":false},"author":10,"featured_media":13159,"comment_status":"closed","ping_status":"closed","sticky":false,"template":"","format":"standard","meta":[],"categories":[527],"tags":[],"yoast_head":"<!-- This site is optimized with the Yoast SEO plugin v19.2 - https:\/\/yoast.com\/wordpress\/plugins\/seo\/ -->\n<title>Las AFA de la provincia de Castell\u00f3 se forman con la FAMPA para mejorar su gesti\u00f3n documental<\/title>\n<meta name=\"robots\" content=\"index, follow, max-snippet:-1, max-image-preview:large, max-video-preview:-1\" \/>\n<link rel=\"canonical\" href=\"https:\/\/fapacastello.com\/es\/2024\/10\/01\/les-afa-de-la-provincia-de-castello-es-formen-amb-la-fampa-per-millorar-la-seua-gestio-documental\/\" \/>\n<meta property=\"og:locale\" content=\"es_ES\" \/>\n<meta property=\"og:type\" content=\"article\" \/>\n<meta property=\"og:title\" content=\"Las AFA de la provincia de Castell\u00f3 se forman con la FAMPA para mejorar su gesti\u00f3n documental\" \/>\n<meta property=\"og:description\" content=\"Representantes de 20 Asociaciones de Familias de Alumnos (AFA) de escuelas, institutos, conservatorios y guarder\u00edas infantiles de la provincia de Castell\u00f3n han participado en una formaci\u00f3n organizada por la Federaci\u00f3n de Asociaciones de Madres y Padres de Alumnos (FAMPA) de Castell\u00f3n. Esta formaci\u00f3n ha tenido como objetivo dotar a las asociaciones de las herramientas necesarias para organizar adecuadamente su documentaci\u00f3n y mejorar su gesti\u00f3n interna. La sesi\u00f3n, impartida por la trabajadora de la FAMPA, M\u00f3nica L\u00f3pez, ha sido especialmente \u00fatil para las juntas directivas que se han constituido recientemente o que han asumido sus funciones hace poco tiempo, as\u00ed como para las asociaciones con m\u00e1s trayectoria que desean perfeccionar la organizaci\u00f3n documental para garantizar una transici\u00f3n fluida a futuras juntas. El taller ha sido eminentemente pr\u00e1ctico, bas\u00e1ndose en un sistema de fundas para organizar 24 \u00edtems esenciales, como el Acta fundacional, los Estatutos, el Certificado electr\u00f3nico o el Seguro de responsabilidad civil, entre otros documentos clave para el correcto funcionamiento de las AFA. Adem\u00e1s, desde la FAMPA se ha facilitado todo el material necesario, as\u00ed como documentos personalizados para cada asociaci\u00f3n, extra\u00eddos de las webs de la administraci\u00f3n p\u00fablica. Durante la formaci\u00f3n, tambi\u00e9n se ha instruido a las AFA sobre [&hellip;]\" \/>\n<meta property=\"og:url\" content=\"https:\/\/fapacastello.com\/es\/2024\/10\/01\/les-afa-de-la-provincia-de-castello-es-formen-amb-la-fampa-per-millorar-la-seua-gestio-documental\/\" \/>\n<meta property=\"og:site_name\" content=\"FAMPA Castell\u00f3 Penyagolosa\" \/>\n<meta property=\"article:publisher\" content=\"http:\/\/www.facebook.com\/fapa.penyagolosa\" \/>\n<meta property=\"article:published_time\" content=\"2024-10-01T18:00:00+00:00\" \/>\n<meta property=\"article:modified_time\" content=\"2024-10-21T10:32:23+00:00\" \/>\n<meta property=\"og:image\" content=\"https:\/\/fapacastello.com\/wp-content\/uploads\/2024\/10\/BANNERS-WEB.jpg\" \/>\n\t<meta property=\"og:image:width\" content=\"2000\" \/>\n\t<meta property=\"og:image:height\" content=\"875\" \/>\n\t<meta property=\"og:image:type\" content=\"image\/jpeg\" \/>\n<meta name=\"author\" content=\"Raquel Garc\u00eda\" \/>\n<meta name=\"twitter:card\" content=\"summary\" \/>\n<meta name=\"twitter:creator\" content=\"@FAMPACS\" \/>\n<meta name=\"twitter:site\" content=\"@FAMPACS\" \/>\n<meta name=\"twitter:label1\" content=\"Escrito por\" \/>\n\t<meta name=\"twitter:data1\" content=\"Raquel Garc\u00eda\" \/>\n\t<meta name=\"twitter:label2\" content=\"Tiempo de lectura\" \/>\n\t<meta name=\"twitter:data2\" content=\"3 minutos\" \/>\n<script type=\"application\/ld+json\" class=\"yoast-schema-graph\">{\"@context\":\"https:\/\/schema.org\",\"@graph\":[{\"@type\":\"WebSite\",\"@id\":\"http:\/\/fapacastello.com\/es\/#website\",\"url\":\"http:\/\/fapacastello.com\/es\/\",\"name\":\"FAMPA Castell\u00f3 Penyagolosa\",\"description\":\"Fapa-Castell\u00f3n Penyagolosa. Federaci\u00f3n de Asociaciones de Padres i Madres de Alumnos Provincia de Castell\u00f3n.\",\"potentialAction\":[{\"@type\":\"SearchAction\",\"target\":{\"@type\":\"EntryPoint\",\"urlTemplate\":\"http:\/\/fapacastello.com\/es\/?s={search_term_string}\"},\"query-input\":\"required name=search_term_string\"}],\"inLanguage\":\"es\"},{\"@type\":\"ImageObject\",\"inLanguage\":\"es\",\"@id\":\"https:\/\/fapacastello.com\/es\/2024\/10\/01\/les-afa-de-la-provincia-de-castello-es-formen-amb-la-fampa-per-millorar-la-seua-gestio-documental\/#primaryimage\",\"url\":\"http:\/\/fapacastello.com\/wp-content\/uploads\/2024\/10\/BANNERS-WEB.jpg\",\"contentUrl\":\"http:\/\/fapacastello.com\/wp-content\/uploads\/2024\/10\/BANNERS-WEB.jpg\",\"width\":2000,\"height\":875},{\"@type\":\"WebPage\",\"@id\":\"https:\/\/fapacastello.com\/es\/2024\/10\/01\/les-afa-de-la-provincia-de-castello-es-formen-amb-la-fampa-per-millorar-la-seua-gestio-documental\/#webpage\",\"url\":\"https:\/\/fapacastello.com\/es\/2024\/10\/01\/les-afa-de-la-provincia-de-castello-es-formen-amb-la-fampa-per-millorar-la-seua-gestio-documental\/\",\"name\":\"Las AFA de la provincia de Castell\u00f3 se forman con la FAMPA para mejorar su gesti\u00f3n documental\",\"isPartOf\":{\"@id\":\"http:\/\/fapacastello.com\/es\/#website\"},\"primaryImageOfPage\":{\"@id\":\"https:\/\/fapacastello.com\/es\/2024\/10\/01\/les-afa-de-la-provincia-de-castello-es-formen-amb-la-fampa-per-millorar-la-seua-gestio-documental\/#primaryimage\"},\"datePublished\":\"2024-10-01T18:00:00+00:00\",\"dateModified\":\"2024-10-21T10:32:23+00:00\",\"author\":{\"@id\":\"http:\/\/fapacastello.com\/es\/#\/schema\/person\/91d59e41a269f5dee4a303027882f840\"},\"breadcrumb\":{\"@id\":\"https:\/\/fapacastello.com\/es\/2024\/10\/01\/les-afa-de-la-provincia-de-castello-es-formen-amb-la-fampa-per-millorar-la-seua-gestio-documental\/#breadcrumb\"},\"inLanguage\":\"es\",\"potentialAction\":[{\"@type\":\"ReadAction\",\"target\":[\"https:\/\/fapacastello.com\/es\/2024\/10\/01\/les-afa-de-la-provincia-de-castello-es-formen-amb-la-fampa-per-millorar-la-seua-gestio-documental\/\"]}]},{\"@type\":\"BreadcrumbList\",\"@id\":\"https:\/\/fapacastello.com\/es\/2024\/10\/01\/les-afa-de-la-provincia-de-castello-es-formen-amb-la-fampa-per-millorar-la-seua-gestio-documental\/#breadcrumb\",\"itemListElement\":[{\"@type\":\"ListItem\",\"position\":1,\"name\":\"Portada\",\"item\":\"http:\/\/fapacastello.com\/es\/\"},{\"@type\":\"ListItem\",\"position\":2,\"name\":\"Las AFA de la provincia de Castell\u00f3 se forman con la FAMPA para mejorar su gesti\u00f3n documental\"}]},{\"@type\":\"Person\",\"@id\":\"http:\/\/fapacastello.com\/es\/#\/schema\/person\/91d59e41a269f5dee4a303027882f840\",\"name\":\"Raquel Garc\u00eda\",\"image\":{\"@type\":\"ImageObject\",\"inLanguage\":\"es\",\"@id\":\"http:\/\/fapacastello.com\/es\/#\/schema\/person\/image\/\",\"url\":\"http:\/\/2.gravatar.com\/avatar\/55ba383e1db6bbbe8adcbe85e4cbe60d?s=96&d=mm&r=g\",\"contentUrl\":\"http:\/\/2.gravatar.com\/avatar\/55ba383e1db6bbbe8adcbe85e4cbe60d?s=96&d=mm&r=g\",\"caption\":\"Raquel Garc\u00eda\"},\"url\":\"http:\/\/fapacastello.com\/es\/author\/socraquel\/\"}]}<\/script>\n<!-- \/ Yoast SEO plugin. -->","yoast_head_json":{"title":"Las AFA de la provincia de Castell\u00f3 se forman con la FAMPA para mejorar su gesti\u00f3n documental","robots":{"index":"index","follow":"follow","max-snippet":"max-snippet:-1","max-image-preview":"max-image-preview:large","max-video-preview":"max-video-preview:-1"},"canonical":"https:\/\/fapacastello.com\/es\/2024\/10\/01\/les-afa-de-la-provincia-de-castello-es-formen-amb-la-fampa-per-millorar-la-seua-gestio-documental\/","og_locale":"es_ES","og_type":"article","og_title":"Las AFA de la provincia de Castell\u00f3 se forman con la FAMPA para mejorar su gesti\u00f3n documental","og_description":"Representantes de 20 Asociaciones de Familias de Alumnos (AFA) de escuelas, institutos, conservatorios y guarder\u00edas infantiles de la provincia de Castell\u00f3n han participado en una formaci\u00f3n organizada por la Federaci\u00f3n de Asociaciones de Madres y Padres de Alumnos (FAMPA) de Castell\u00f3n. Esta formaci\u00f3n ha tenido como objetivo dotar a las asociaciones de las herramientas necesarias para organizar adecuadamente su documentaci\u00f3n y mejorar su gesti\u00f3n interna. La sesi\u00f3n, impartida por la trabajadora de la FAMPA, M\u00f3nica L\u00f3pez, ha sido especialmente \u00fatil para las juntas directivas que se han constituido recientemente o que han asumido sus funciones hace poco tiempo, as\u00ed como para las asociaciones con m\u00e1s trayectoria que desean perfeccionar la organizaci\u00f3n documental para garantizar una transici\u00f3n fluida a futuras juntas. El taller ha sido eminentemente pr\u00e1ctico, bas\u00e1ndose en un sistema de fundas para organizar 24 \u00edtems esenciales, como el Acta fundacional, los Estatutos, el Certificado electr\u00f3nico o el Seguro de responsabilidad civil, entre otros documentos clave para el correcto funcionamiento de las AFA. Adem\u00e1s, desde la FAMPA se ha facilitado todo el material necesario, as\u00ed como documentos personalizados para cada asociaci\u00f3n, extra\u00eddos de las webs de la administraci\u00f3n p\u00fablica. Durante la formaci\u00f3n, tambi\u00e9n se ha instruido a las AFA sobre [&hellip;]","og_url":"https:\/\/fapacastello.com\/es\/2024\/10\/01\/les-afa-de-la-provincia-de-castello-es-formen-amb-la-fampa-per-millorar-la-seua-gestio-documental\/","og_site_name":"FAMPA Castell\u00f3 Penyagolosa","article_publisher":"http:\/\/www.facebook.com\/fapa.penyagolosa","article_published_time":"2024-10-01T18:00:00+00:00","article_modified_time":"2024-10-21T10:32:23+00:00","og_image":[{"width":2000,"height":875,"url":"https:\/\/fapacastello.com\/wp-content\/uploads\/2024\/10\/BANNERS-WEB.jpg","type":"image\/jpeg"}],"author":"Raquel Garc\u00eda","twitter_card":"summary","twitter_creator":"@FAMPACS","twitter_site":"@FAMPACS","twitter_misc":{"Escrito por":"Raquel Garc\u00eda","Tiempo de lectura":"3 minutos"},"schema":{"@context":"https:\/\/schema.org","@graph":[{"@type":"WebSite","@id":"http:\/\/fapacastello.com\/es\/#website","url":"http:\/\/fapacastello.com\/es\/","name":"FAMPA Castell\u00f3 Penyagolosa","description":"Fapa-Castell\u00f3n Penyagolosa. Federaci\u00f3n de Asociaciones de Padres i Madres de Alumnos Provincia de Castell\u00f3n.","potentialAction":[{"@type":"SearchAction","target":{"@type":"EntryPoint","urlTemplate":"http:\/\/fapacastello.com\/es\/?s={search_term_string}"},"query-input":"required name=search_term_string"}],"inLanguage":"es"},{"@type":"ImageObject","inLanguage":"es","@id":"https:\/\/fapacastello.com\/es\/2024\/10\/01\/les-afa-de-la-provincia-de-castello-es-formen-amb-la-fampa-per-millorar-la-seua-gestio-documental\/#primaryimage","url":"http:\/\/fapacastello.com\/wp-content\/uploads\/2024\/10\/BANNERS-WEB.jpg","contentUrl":"http:\/\/fapacastello.com\/wp-content\/uploads\/2024\/10\/BANNERS-WEB.jpg","width":2000,"height":875},{"@type":"WebPage","@id":"https:\/\/fapacastello.com\/es\/2024\/10\/01\/les-afa-de-la-provincia-de-castello-es-formen-amb-la-fampa-per-millorar-la-seua-gestio-documental\/#webpage","url":"https:\/\/fapacastello.com\/es\/2024\/10\/01\/les-afa-de-la-provincia-de-castello-es-formen-amb-la-fampa-per-millorar-la-seua-gestio-documental\/","name":"Las AFA de la provincia de Castell\u00f3 se forman con la FAMPA para mejorar su gesti\u00f3n documental","isPartOf":{"@id":"http:\/\/fapacastello.com\/es\/#website"},"primaryImageOfPage":{"@id":"https:\/\/fapacastello.com\/es\/2024\/10\/01\/les-afa-de-la-provincia-de-castello-es-formen-amb-la-fampa-per-millorar-la-seua-gestio-documental\/#primaryimage"},"datePublished":"2024-10-01T18:00:00+00:00","dateModified":"2024-10-21T10:32:23+00:00","author":{"@id":"http:\/\/fapacastello.com\/es\/#\/schema\/person\/91d59e41a269f5dee4a303027882f840"},"breadcrumb":{"@id":"https:\/\/fapacastello.com\/es\/2024\/10\/01\/les-afa-de-la-provincia-de-castello-es-formen-amb-la-fampa-per-millorar-la-seua-gestio-documental\/#breadcrumb"},"inLanguage":"es","potentialAction":[{"@type":"ReadAction","target":["https:\/\/fapacastello.com\/es\/2024\/10\/01\/les-afa-de-la-provincia-de-castello-es-formen-amb-la-fampa-per-millorar-la-seua-gestio-documental\/"]}]},{"@type":"BreadcrumbList","@id":"https:\/\/fapacastello.com\/es\/2024\/10\/01\/les-afa-de-la-provincia-de-castello-es-formen-amb-la-fampa-per-millorar-la-seua-gestio-documental\/#breadcrumb","itemListElement":[{"@type":"ListItem","position":1,"name":"Portada","item":"http:\/\/fapacastello.com\/es\/"},{"@type":"ListItem","position":2,"name":"Las AFA de la provincia de Castell\u00f3 se forman con la FAMPA para mejorar su gesti\u00f3n documental"}]},{"@type":"Person","@id":"http:\/\/fapacastello.com\/es\/#\/schema\/person\/91d59e41a269f5dee4a303027882f840","name":"Raquel Garc\u00eda","image":{"@type":"ImageObject","inLanguage":"es","@id":"http:\/\/fapacastello.com\/es\/#\/schema\/person\/image\/","url":"http:\/\/2.gravatar.com\/avatar\/55ba383e1db6bbbe8adcbe85e4cbe60d?s=96&d=mm&r=g","contentUrl":"http:\/\/2.gravatar.com\/avatar\/55ba383e1db6bbbe8adcbe85e4cbe60d?s=96&d=mm&r=g","caption":"Raquel Garc\u00eda"},"url":"http:\/\/fapacastello.com\/es\/author\/socraquel\/"}]}},"_links":{"self":[{"href":"http:\/\/fapacastello.com\/es\/wp-json\/wp\/v2\/posts\/13161"}],"collection":[{"href":"http:\/\/fapacastello.com\/es\/wp-json\/wp\/v2\/posts"}],"about":[{"href":"http:\/\/fapacastello.com\/es\/wp-json\/wp\/v2\/types\/post"}],"author":[{"embeddable":true,"href":"http:\/\/fapacastello.com\/es\/wp-json\/wp\/v2\/users\/10"}],"replies":[{"embeddable":true,"href":"http:\/\/fapacastello.com\/es\/wp-json\/wp\/v2\/comments?post=13161"}],"version-history":[{"count":2,"href":"http:\/\/fapacastello.com\/es\/wp-json\/wp\/v2\/posts\/13161\/revisions"}],"predecessor-version":[{"id":13163,"href":"http:\/\/fapacastello.com\/es\/wp-json\/wp\/v2\/posts\/13161\/revisions\/13163"}],"wp:featuredmedia":[{"embeddable":true,"href":"http:\/\/fapacastello.com\/es\/wp-json\/wp\/v2\/media\/13159"}],"wp:attachment":[{"href":"http:\/\/fapacastello.com\/es\/wp-json\/wp\/v2\/media?parent=13161"}],"wp:term":[{"taxonomy":"category","embeddable":true,"href":"http:\/\/fapacastello.com\/es\/wp-json\/wp\/v2\/categories?post=13161"},{"taxonomy":"post_tag","embeddable":true,"href":"http:\/\/fapacastello.com\/es\/wp-json\/wp\/v2\/tags?post=13161"}],"curies":[{"name":"wp","href":"https:\/\/api.w.org\/{rel}","templated":true}]}}