

{"id":13778,"date":"2025-02-04T09:58:20","date_gmt":"2025-02-04T08:58:20","guid":{"rendered":"https:\/\/fapacastello.com\/?p=13778\/"},"modified":"2025-04-08T15:57:38","modified_gmt":"2025-04-08T13:57:38","slug":"la-fampa-et-forma-edicio-juntes-directives-2","status":"publish","type":"post","link":"http:\/\/fapacastello.com\/es\/2025\/02\/04\/la-fampa-et-forma-edicio-juntes-directives-2\/","title":{"rendered":"La FAMPA te forma: edici\u00f3n juntas directivas"},"content":{"rendered":"\n<p>La FAMPA Castell\u00f3 Penyagolosa abre de nuevo, por segunda vez en este curso escolar, su programa de formaciones exclusivas para la mejora de la gesti\u00f3n y organizaci\u00f3n de las AFA asociadas.<\/p>\n\n\n\n<p>La \u00faltima edici\u00f3n de <em>La FAMPA te Forma: Edici\u00f3n Juntas Directivas<\/em> fue todo un \u00e9xito, con la participaci\u00f3n de 62 AFA que recibieron formaci\u00f3n en aspectos clave como la organizaci\u00f3n documental, la comunicaci\u00f3n y la presentaci\u00f3n de subvenciones.<\/p>\n\n\n\n<p>Este nuevo ciclo incorpora tanto sesiones habituales como algunas novedades, con el objetivo de proporcionar a las AFA las herramientas y conocimientos necesarios para afrontar sus retos de manera eficiente.<\/p>\n\n\n\n<h3><strong>Un programa completo y especializado<\/strong><\/h3>\n\n\n\n<p>Las sesiones, de car\u00e1cter pr\u00e1ctico e interactivo, ser\u00e1n impartidas por las trabajadoras de la federaci\u00f3n, especialistas en cada materia. Para facilitar el acceso y participaci\u00f3n de todas las AFA interesadas, se llevar\u00e1n a cabo en l\u00ednea a las 18:30 h.<\/p>\n\n\n\n<p>El calendario de las formaciones es el siguiente:<\/p>\n\n\n\n<ul><li><strong>25 de febrero: Obligaciones documentales<\/strong><strong><br><\/strong>Explicaci\u00f3n sobre los documentos esenciales para una AFA y c\u00f3mo gestionarlos adecuadamente. Los asistentes podr\u00e1n revisar y organizar su documentaci\u00f3n en directo.<\/li><li><strong>11 de marzo: Comunicaci\u00f3n activa y efectiva del AFA en l\u00ednea<\/strong><strong><br><\/strong>Estrategias para mejorar la comunicaci\u00f3n entre el AFA, las familias y la comunidad educativa a trav\u00e9s de canales digitales.<\/li><li>8<strong> de abril: Subvenci\u00f3n de fomento del valenciano: proyecto y justificaci\u00f3n<\/strong><strong><br><\/strong>Formaci\u00f3n en la que las AFA podr\u00e1n identificar todos los gastos subvencionables que pueden incluir en esta subvenci\u00f3n para el fomento del valenciano y aprender\u00e1n a cumplir con los requisitos del proyecto.<\/li><li><strong>29 de abril: Subvenciones: proyectos y presupuestos<\/strong><strong><br><\/strong>Gu\u00eda pr\u00e1ctica para preparar proyectos y gestionar presupuestos con \u00e9xito.<\/li><\/ul>\n\n\n\n<ul><li><strong>6 de mayo: Subvenciones: memorias<\/strong><strong><br><\/strong>Gu\u00eda para la elaboraci\u00f3n de memorias justificativas para las subvenciones recibidas.<\/li><li><strong>21 de mayo: \u00bfQu\u00e9 cubre el seguro de responsabilidad civil?<\/strong><strong><br><\/strong>Informaci\u00f3n detallada sobre los seguros disponibles para las AFA asociadas, incluyendo coberturas y opciones complementarias.<\/li><li><strong>27 de mayo: Ley de protecci\u00f3n de datos<\/strong><strong><br><\/strong>Gu\u00eda para la implementaci\u00f3n de la protecci\u00f3n de datos en el AFA. Formaci\u00f3n pr\u00e1ctica en la que analizaremos detalladamente cada uno de los documentos que deben completarse para cumplir con la Ley de Protecci\u00f3n de Datos. Nos centraremos en la creaci\u00f3n y gesti\u00f3n de documentos esenciales, como las autorizaciones para el tratamiento de datos personales y las pol\u00edticas de privacidad, para garantizar el respeto a los derechos de las personas y el cumplimiento de la normativa vigente.<\/li><\/ul>\n\n\n\n<h3><strong>Inscripci\u00f3n<\/strong><\/h3>\n\n\n\n<p>Este programa formativo est\u00e1 dirigido exclusivamente a las juntas directivas de las AFA asociadas a la FAMPA Castell\u00f3 Penyagolosa.<\/p>\n\n\n\n<p>Las inscripciones para cada formaci\u00f3n estar\u00e1n abiertas hasta el lunes anterior a la fecha de la sesi\u00f3n correspondiente. Por ejemplo, para la primera sesi\u00f3n del 25 de febrero, el plazo finaliza el lunes 24 de febrero.<\/p>\n\n\n\n<p>Para formalizar la inscripci\u00f3n, se puede acceder al formulario siguiente:<a href=\"https:\/\/forms.gle\/37JetZSRv3bdsra1A\"> https:\/\/forms.gle\/37JetZSRv3bdsra1A<\/a><\/p>\n\n\n\n<p>La FAMPA reafirma su compromiso con el buen funcionamiento de las AFA, promoviendo su autonom\u00eda y eficacia. Porque queremos AFA formadas e informadas.<\/p>\n\n\n\n<figure class=\"wp-block-image size-large\"><img loading=\"lazy\" width=\"819\" height=\"1024\" src=\"https:\/\/fapacastello.com\/wp-content\/uploads\/2025\/02\/2-2-819x1024.jpg\" alt=\"\" class=\"wp-image-13791\" srcset=\"http:\/\/fapacastello.com\/wp-content\/uploads\/2025\/02\/2-2-819x1024.jpg 819w, http:\/\/fapacastello.com\/wp-content\/uploads\/2025\/02\/2-2-240x300.jpg 240w, http:\/\/fapacastello.com\/wp-content\/uploads\/2025\/02\/2-2-768x960.jpg 768w, http:\/\/fapacastello.com\/wp-content\/uploads\/2025\/02\/2-2-117x146.jpg 117w, http:\/\/fapacastello.com\/wp-content\/uploads\/2025\/02\/2-2-40x50.jpg 40w, http:\/\/fapacastello.com\/wp-content\/uploads\/2025\/02\/2-2-60x75.jpg 60w, http:\/\/fapacastello.com\/wp-content\/uploads\/2025\/02\/2-2.jpg 1080w\" sizes=\"(max-width: 819px) 100vw, 819px\" \/><\/figure>\n","protected":false},"excerpt":{"rendered":"<p>Des de la FAMPA hem preparat un programa formatiu exclusiu per a juntes que us ajudar\u00e0 a millorar la gesti\u00f3 de les vostres AFA.<\/p>\n","protected":false},"author":10,"featured_media":13098,"comment_status":"closed","ping_status":"closed","sticky":false,"template":"","format":"standard","meta":[],"categories":[527],"tags":[],"yoast_head":"<!-- This site is optimized with the Yoast SEO plugin v19.2 - https:\/\/yoast.com\/wordpress\/plugins\/seo\/ -->\n<title>La FAMPA te forma: edici\u00f3n juntas directivas<\/title>\n<meta name=\"description\" content=\"Des de la FAMPA hem preparat un programa formatiu exclusiu per a juntes que us ajudar\u00e0 a millorar la gesti\u00f3 de les vostres AFA.\" \/>\n<meta name=\"robots\" content=\"index, follow, max-snippet:-1, max-image-preview:large, max-video-preview:-1\" \/>\n<link rel=\"canonical\" href=\"https:\/\/fapacastello.com\/es\/2025\/02\/04\/la-fampa-et-forma-edicio-juntes-directives-2\/\" \/>\n<meta property=\"og:locale\" content=\"es_ES\" \/>\n<meta property=\"og:type\" content=\"article\" \/>\n<meta property=\"og:title\" content=\"La FAMPA te forma: edici\u00f3n juntas directivas\" \/>\n<meta property=\"og:description\" content=\"Des de la FAMPA hem preparat un programa formatiu exclusiu per a juntes que us ajudar\u00e0 a millorar la gesti\u00f3 de les vostres AFA.\" \/>\n<meta property=\"og:url\" content=\"https:\/\/fapacastello.com\/es\/2025\/02\/04\/la-fampa-et-forma-edicio-juntes-directives-2\/\" \/>\n<meta property=\"og:site_name\" content=\"FAMPA Castell\u00f3 Penyagolosa\" \/>\n<meta property=\"article:publisher\" content=\"http:\/\/www.facebook.com\/fapa.penyagolosa\" \/>\n<meta property=\"article:published_time\" content=\"2025-02-04T08:58:20+00:00\" \/>\n<meta property=\"article:modified_time\" content=\"2025-04-08T13:57:38+00:00\" \/>\n<meta property=\"og:image\" content=\"https:\/\/fapacastello.com\/wp-content\/uploads\/2024\/09\/BANNERS-WEB-1-2.jpg\" \/>\n\t<meta property=\"og:image:width\" content=\"2000\" \/>\n\t<meta property=\"og:image:height\" content=\"875\" \/>\n\t<meta property=\"og:image:type\" content=\"image\/jpeg\" \/>\n<meta name=\"author\" content=\"Raquel Garc\u00eda\" \/>\n<meta name=\"twitter:card\" content=\"summary\" \/>\n<meta name=\"twitter:creator\" content=\"@FAMPACS\" \/>\n<meta name=\"twitter:site\" content=\"@FAMPACS\" \/>\n<meta name=\"twitter:label1\" content=\"Escrito por\" \/>\n\t<meta name=\"twitter:data1\" content=\"Raquel Garc\u00eda\" \/>\n\t<meta name=\"twitter:label2\" content=\"Tiempo de lectura\" \/>\n\t<meta name=\"twitter:data2\" content=\"3 minutos\" \/>\n<script type=\"application\/ld+json\" class=\"yoast-schema-graph\">{\"@context\":\"https:\/\/schema.org\",\"@graph\":[{\"@type\":\"WebSite\",\"@id\":\"http:\/\/fapacastello.com\/es\/#website\",\"url\":\"http:\/\/fapacastello.com\/es\/\",\"name\":\"FAMPA Castell\u00f3 Penyagolosa\",\"description\":\"Fapa-Castell\u00f3n Penyagolosa. Federaci\u00f3n de Asociaciones de Padres i Madres de Alumnos Provincia de Castell\u00f3n.\",\"potentialAction\":[{\"@type\":\"SearchAction\",\"target\":{\"@type\":\"EntryPoint\",\"urlTemplate\":\"http:\/\/fapacastello.com\/es\/?s={search_term_string}\"},\"query-input\":\"required name=search_term_string\"}],\"inLanguage\":\"es\"},{\"@type\":\"ImageObject\",\"inLanguage\":\"es\",\"@id\":\"https:\/\/fapacastello.com\/es\/2025\/02\/04\/la-fampa-et-forma-edicio-juntes-directives-2\/#primaryimage\",\"url\":\"http:\/\/fapacastello.com\/wp-content\/uploads\/2024\/09\/BANNERS-WEB-1-2.jpg\",\"contentUrl\":\"http:\/\/fapacastello.com\/wp-content\/uploads\/2024\/09\/BANNERS-WEB-1-2.jpg\",\"width\":2000,\"height\":875},{\"@type\":\"WebPage\",\"@id\":\"https:\/\/fapacastello.com\/es\/2025\/02\/04\/la-fampa-et-forma-edicio-juntes-directives-2\/#webpage\",\"url\":\"https:\/\/fapacastello.com\/es\/2025\/02\/04\/la-fampa-et-forma-edicio-juntes-directives-2\/\",\"name\":\"La FAMPA te forma: edici\u00f3n juntas directivas\",\"isPartOf\":{\"@id\":\"http:\/\/fapacastello.com\/es\/#website\"},\"primaryImageOfPage\":{\"@id\":\"https:\/\/fapacastello.com\/es\/2025\/02\/04\/la-fampa-et-forma-edicio-juntes-directives-2\/#primaryimage\"},\"datePublished\":\"2025-02-04T08:58:20+00:00\",\"dateModified\":\"2025-04-08T13:57:38+00:00\",\"author\":{\"@id\":\"http:\/\/fapacastello.com\/es\/#\/schema\/person\/91d59e41a269f5dee4a303027882f840\"},\"description\":\"Des de la FAMPA hem preparat un programa formatiu exclusiu per a juntes que us ajudar\u00e0 a millorar la gesti\u00f3 de les vostres AFA.\",\"breadcrumb\":{\"@id\":\"https:\/\/fapacastello.com\/es\/2025\/02\/04\/la-fampa-et-forma-edicio-juntes-directives-2\/#breadcrumb\"},\"inLanguage\":\"es\",\"potentialAction\":[{\"@type\":\"ReadAction\",\"target\":[\"https:\/\/fapacastello.com\/es\/2025\/02\/04\/la-fampa-et-forma-edicio-juntes-directives-2\/\"]}]},{\"@type\":\"BreadcrumbList\",\"@id\":\"https:\/\/fapacastello.com\/es\/2025\/02\/04\/la-fampa-et-forma-edicio-juntes-directives-2\/#breadcrumb\",\"itemListElement\":[{\"@type\":\"ListItem\",\"position\":1,\"name\":\"Portada\",\"item\":\"http:\/\/fapacastello.com\/es\/\"},{\"@type\":\"ListItem\",\"position\":2,\"name\":\"La FAMPA te forma: edici\u00f3n juntas directivas\"}]},{\"@type\":\"Person\",\"@id\":\"http:\/\/fapacastello.com\/es\/#\/schema\/person\/91d59e41a269f5dee4a303027882f840\",\"name\":\"Raquel Garc\u00eda\",\"image\":{\"@type\":\"ImageObject\",\"inLanguage\":\"es\",\"@id\":\"http:\/\/fapacastello.com\/es\/#\/schema\/person\/image\/\",\"url\":\"http:\/\/2.gravatar.com\/avatar\/55ba383e1db6bbbe8adcbe85e4cbe60d?s=96&d=mm&r=g\",\"contentUrl\":\"http:\/\/2.gravatar.com\/avatar\/55ba383e1db6bbbe8adcbe85e4cbe60d?s=96&d=mm&r=g\",\"caption\":\"Raquel Garc\u00eda\"},\"url\":\"http:\/\/fapacastello.com\/es\/author\/socraquel\/\"}]}<\/script>\n<!-- \/ Yoast SEO plugin. -->","yoast_head_json":{"title":"La FAMPA te forma: edici\u00f3n juntas directivas","description":"Des de la FAMPA hem preparat un programa formatiu exclusiu per a juntes que us ajudar\u00e0 a millorar la gesti\u00f3 de les vostres AFA.","robots":{"index":"index","follow":"follow","max-snippet":"max-snippet:-1","max-image-preview":"max-image-preview:large","max-video-preview":"max-video-preview:-1"},"canonical":"https:\/\/fapacastello.com\/es\/2025\/02\/04\/la-fampa-et-forma-edicio-juntes-directives-2\/","og_locale":"es_ES","og_type":"article","og_title":"La FAMPA te forma: edici\u00f3n juntas directivas","og_description":"Des de la FAMPA hem preparat un programa formatiu exclusiu per a juntes que us ajudar\u00e0 a millorar la gesti\u00f3 de les vostres AFA.","og_url":"https:\/\/fapacastello.com\/es\/2025\/02\/04\/la-fampa-et-forma-edicio-juntes-directives-2\/","og_site_name":"FAMPA Castell\u00f3 Penyagolosa","article_publisher":"http:\/\/www.facebook.com\/fapa.penyagolosa","article_published_time":"2025-02-04T08:58:20+00:00","article_modified_time":"2025-04-08T13:57:38+00:00","og_image":[{"width":2000,"height":875,"url":"https:\/\/fapacastello.com\/wp-content\/uploads\/2024\/09\/BANNERS-WEB-1-2.jpg","type":"image\/jpeg"}],"author":"Raquel Garc\u00eda","twitter_card":"summary","twitter_creator":"@FAMPACS","twitter_site":"@FAMPACS","twitter_misc":{"Escrito por":"Raquel Garc\u00eda","Tiempo de lectura":"3 minutos"},"schema":{"@context":"https:\/\/schema.org","@graph":[{"@type":"WebSite","@id":"http:\/\/fapacastello.com\/es\/#website","url":"http:\/\/fapacastello.com\/es\/","name":"FAMPA Castell\u00f3 Penyagolosa","description":"Fapa-Castell\u00f3n Penyagolosa. Federaci\u00f3n de Asociaciones de Padres i Madres de Alumnos Provincia de Castell\u00f3n.","potentialAction":[{"@type":"SearchAction","target":{"@type":"EntryPoint","urlTemplate":"http:\/\/fapacastello.com\/es\/?s={search_term_string}"},"query-input":"required name=search_term_string"}],"inLanguage":"es"},{"@type":"ImageObject","inLanguage":"es","@id":"https:\/\/fapacastello.com\/es\/2025\/02\/04\/la-fampa-et-forma-edicio-juntes-directives-2\/#primaryimage","url":"http:\/\/fapacastello.com\/wp-content\/uploads\/2024\/09\/BANNERS-WEB-1-2.jpg","contentUrl":"http:\/\/fapacastello.com\/wp-content\/uploads\/2024\/09\/BANNERS-WEB-1-2.jpg","width":2000,"height":875},{"@type":"WebPage","@id":"https:\/\/fapacastello.com\/es\/2025\/02\/04\/la-fampa-et-forma-edicio-juntes-directives-2\/#webpage","url":"https:\/\/fapacastello.com\/es\/2025\/02\/04\/la-fampa-et-forma-edicio-juntes-directives-2\/","name":"La FAMPA te forma: edici\u00f3n juntas directivas","isPartOf":{"@id":"http:\/\/fapacastello.com\/es\/#website"},"primaryImageOfPage":{"@id":"https:\/\/fapacastello.com\/es\/2025\/02\/04\/la-fampa-et-forma-edicio-juntes-directives-2\/#primaryimage"},"datePublished":"2025-02-04T08:58:20+00:00","dateModified":"2025-04-08T13:57:38+00:00","author":{"@id":"http:\/\/fapacastello.com\/es\/#\/schema\/person\/91d59e41a269f5dee4a303027882f840"},"description":"Des de la FAMPA hem preparat un programa formatiu exclusiu per a juntes que us ajudar\u00e0 a millorar la gesti\u00f3 de les vostres AFA.","breadcrumb":{"@id":"https:\/\/fapacastello.com\/es\/2025\/02\/04\/la-fampa-et-forma-edicio-juntes-directives-2\/#breadcrumb"},"inLanguage":"es","potentialAction":[{"@type":"ReadAction","target":["https:\/\/fapacastello.com\/es\/2025\/02\/04\/la-fampa-et-forma-edicio-juntes-directives-2\/"]}]},{"@type":"BreadcrumbList","@id":"https:\/\/fapacastello.com\/es\/2025\/02\/04\/la-fampa-et-forma-edicio-juntes-directives-2\/#breadcrumb","itemListElement":[{"@type":"ListItem","position":1,"name":"Portada","item":"http:\/\/fapacastello.com\/es\/"},{"@type":"ListItem","position":2,"name":"La FAMPA te forma: edici\u00f3n juntas directivas"}]},{"@type":"Person","@id":"http:\/\/fapacastello.com\/es\/#\/schema\/person\/91d59e41a269f5dee4a303027882f840","name":"Raquel Garc\u00eda","image":{"@type":"ImageObject","inLanguage":"es","@id":"http:\/\/fapacastello.com\/es\/#\/schema\/person\/image\/","url":"http:\/\/2.gravatar.com\/avatar\/55ba383e1db6bbbe8adcbe85e4cbe60d?s=96&d=mm&r=g","contentUrl":"http:\/\/2.gravatar.com\/avatar\/55ba383e1db6bbbe8adcbe85e4cbe60d?s=96&d=mm&r=g","caption":"Raquel Garc\u00eda"},"url":"http:\/\/fapacastello.com\/es\/author\/socraquel\/"}]}},"_links":{"self":[{"href":"http:\/\/fapacastello.com\/es\/wp-json\/wp\/v2\/posts\/13778"}],"collection":[{"href":"http:\/\/fapacastello.com\/es\/wp-json\/wp\/v2\/posts"}],"about":[{"href":"http:\/\/fapacastello.com\/es\/wp-json\/wp\/v2\/types\/post"}],"author":[{"embeddable":true,"href":"http:\/\/fapacastello.com\/es\/wp-json\/wp\/v2\/users\/10"}],"replies":[{"embeddable":true,"href":"http:\/\/fapacastello.com\/es\/wp-json\/wp\/v2\/comments?post=13778"}],"version-history":[{"count":3,"href":"http:\/\/fapacastello.com\/es\/wp-json\/wp\/v2\/posts\/13778\/revisions"}],"predecessor-version":[{"id":13793,"href":"http:\/\/fapacastello.com\/es\/wp-json\/wp\/v2\/posts\/13778\/revisions\/13793"}],"wp:featuredmedia":[{"embeddable":true,"href":"http:\/\/fapacastello.com\/es\/wp-json\/wp\/v2\/media\/13098"}],"wp:attachment":[{"href":"http:\/\/fapacastello.com\/es\/wp-json\/wp\/v2\/media?parent=13778"}],"wp:term":[{"taxonomy":"category","embeddable":true,"href":"http:\/\/fapacastello.com\/es\/wp-json\/wp\/v2\/categories?post=13778"},{"taxonomy":"post_tag","embeddable":true,"href":"http:\/\/fapacastello.com\/es\/wp-json\/wp\/v2\/tags?post=13778"}],"curies":[{"name":"wp","href":"https:\/\/api.w.org\/{rel}","templated":true}]}}