

{"id":12298,"date":"2024-04-12T12:04:23","date_gmt":"2024-04-12T10:04:23","guid":{"rendered":"https:\/\/fapacastello.com\/?p=12298\/"},"modified":"2024-05-10T09:08:33","modified_gmt":"2024-05-10T07:08:33","slug":"butlleti-num-144-2","status":"publish","type":"post","link":"https:\/\/fapacastello.com\/es\/2024\/04\/12\/butlleti-num-144-2\/","title":{"rendered":"Bolet\u00edn n.\u00ba 145"},"content":{"rendered":"\n<p>Queridas familias,<\/p>\n\n\n\n<p>Ya est\u00e1 aqu\u00ed el bolet\u00edn de la FAMPA Castell\u00f3 Penyagolosa. En este, os presentamos, una semana m\u00e1s, tres actividades familiares gratuitas que tendr\u00e1n lugar en las localidades de nuestra provincia en los pr\u00f3ximos d\u00edas.<\/p>\n\n\n\n<ul><li>S\u00e1bado, 20 de abril: Fiesta por la Lengua en Cabanes<ul><li>Un d\u00eda lleno de actividades emocionantes acompa\u00f1adas de puestos, cultura, m\u00fasica y experiencias para toda la familia.<\/li><li>Lugar: En Cabanes, Castell\u00f3n.<\/li><li>Hora: A partir de las 10:00 h.<\/li><\/ul><\/li><li>S\u00e1bado, 20 de abril: Sant Jordi en El Grau de Castell\u00f3<ul><li>Muestra de cabuts, talleres manipulativos, exhibici\u00f3n de publicaciones de V.A. Estell\u00e9s, plantada del bestiario y cabuts, cuentacuentos, talleres de fuego y bailes de los cabuts. Con la actuaci\u00f3n especial de Botafocs, \u00abEl fuego festivo de los dragones y los demonios\u00bb.<\/li><li>Lugar: Plaza del Casal Jove, El Grau de Castell\u00f3.<\/li><li>Hora: Ma\u00f1ana: 11:30 \u2013 13:30 h; Tarde: 18:00 \u2013 19:30 h.<\/li><\/ul><\/li><li>Domingo, 21 de abril: Planetaller \u00abD\u00eda de la Tierra\u00bb<ul><li>Celebramos el D\u00eda de la Tierra con actividades educativas y divertidas centradas en la conservaci\u00f3n de nuestro planeta, el reciclaje y las pr\u00e1cticas sostenibles.<\/li><li>Lugar: Planetario de Castell\u00f3.<\/li><li>Hora: 11:00 h.<\/li><li>Inscripci\u00f3n: a partir del 15 de abril.<\/li><\/ul><\/li><\/ul>\n\n\n\n<p><\/p>\n\n\n\n<p>Esperem que les gaudiu<\/p>\n\n\n\n<div class=\"wp-block-file\"><object class=\"wp-block-file__embed\" data=\"https:\/\/fapacastello.com\/wp-content\/uploads\/2024\/04\/240405-Boleti\u0301n-144-CAS-2-1.pdf\" type=\"application\/pdf\" style=\"width:100%;height:600px\" aria-label=\"Incrustado de 240405-Boleti\u0301n-144-CAS-2-1.\"><\/object><a id=\"wp-block-file--media-e37763d1-f227-41f1-8edd-45551ec6de2f\" href=\"https:\/\/fapacastello.com\/wp-content\/uploads\/2024\/04\/240405-Boleti\u0301n-144-CAS-2-1.pdf\">240405-Boleti\u0301n-144-CAS-2-1<\/a><a href=\"https:\/\/fapacastello.com\/wp-content\/uploads\/2024\/04\/240405-Boleti\u0301n-144-CAS-2-1.pdf\" class=\"wp-block-file__button\" download aria-describedby=\"wp-block-file--media-e37763d1-f227-41f1-8edd-45551ec6de2f\">Descarga<\/a><\/div>\n","protected":false},"excerpt":{"rendered":"<p>Bolet\u00edn 145 del 12\/04\/2024. Fiesta por la lengua en Cabanes, Sant Jordi en el Grau de Castell\u00f3 y taller planetario por el d\u00eda de la tierra.<\/p>\n","protected":false},"author":10,"featured_media":12304,"comment_status":"closed","ping_status":"closed","sticky":false,"template":"","format":"standard","meta":[],"categories":[526],"tags":[],"yoast_head":"<!-- This site is optimized with the Yoast SEO plugin v19.2 - https:\/\/yoast.com\/wordpress\/plugins\/seo\/ -->\n<title>Bolet\u00edn n.\u00ba 145 | FAMPA Castell\u00f3 Penyagolosa<\/title>\n<meta name=\"description\" content=\"Bolet\u00edn 145 del 12\/04\/2024. Fiesta por la lengua en Cabanes, Sant Jordi en el Grau de Castell\u00f3 y taller planetario por el d\u00eda de la tierra.\" \/>\n<meta name=\"robots\" content=\"index, follow, max-snippet:-1, max-image-preview:large, max-video-preview:-1\" \/>\n<link rel=\"canonical\" href=\"http:\/\/fapacastello.com\/es\/2024\/04\/12\/butlleti-num-144-2\/\" \/>\n<meta property=\"og:locale\" content=\"es_ES\" \/>\n<meta property=\"og:type\" content=\"article\" \/>\n<meta property=\"og:title\" content=\"Bolet\u00edn n.\u00ba 145 | FAMPA Castell\u00f3 Penyagolosa\" \/>\n<meta property=\"og:description\" content=\"Bolet\u00edn 145 del 12\/04\/2024. Fiesta por la lengua en Cabanes, Sant Jordi en el Grau de Castell\u00f3 y taller planetario por el d\u00eda de la tierra.\" \/>\n<meta property=\"og:url\" content=\"http:\/\/fapacastello.com\/es\/2024\/04\/12\/butlleti-num-144-2\/\" \/>\n<meta property=\"og:site_name\" content=\"FAMPA Castell\u00f3 Penyagolosa\" \/>\n<meta property=\"article:publisher\" content=\"http:\/\/www.facebook.com\/fapa.penyagolosa\" \/>\n<meta property=\"article:published_time\" content=\"2024-04-12T10:04:23+00:00\" \/>\n<meta property=\"article:modified_time\" content=\"2024-05-10T07:08:33+00:00\" \/>\n<meta property=\"og:image\" content=\"http:\/\/fapacastello.com\/wp-content\/uploads\/2024\/04\/Banner-butlleti\u0301.jpg\" \/>\n\t<meta property=\"og:image:width\" content=\"2560\" \/>\n\t<meta property=\"og:image:height\" content=\"1280\" \/>\n\t<meta property=\"og:image:type\" content=\"image\/jpeg\" \/>\n<meta name=\"author\" content=\"Raquel Garc\u00eda\" \/>\n<meta name=\"twitter:card\" content=\"summary\" \/>\n<meta name=\"twitter:creator\" content=\"@FAMPACS\" \/>\n<meta name=\"twitter:site\" content=\"@FAMPACS\" \/>\n<meta name=\"twitter:label1\" content=\"Escrito por\" \/>\n\t<meta name=\"twitter:data1\" content=\"Raquel Garc\u00eda\" \/>\n\t<meta name=\"twitter:label2\" content=\"Tiempo de lectura\" \/>\n\t<meta name=\"twitter:data2\" content=\"2 minutos\" \/>\n<script type=\"application\/ld+json\" class=\"yoast-schema-graph\">{\"@context\":\"https:\/\/schema.org\",\"@graph\":[{\"@type\":\"WebSite\",\"@id\":\"http:\/\/fapacastello.com\/es\/#website\",\"url\":\"http:\/\/fapacastello.com\/es\/\",\"name\":\"FAMPA Castell\u00f3 Penyagolosa\",\"description\":\"Fapa-Castell\u00f3n Penyagolosa. Federaci\u00f3n de Asociaciones de Padres i Madres de Alumnos Provincia de Castell\u00f3n.\",\"potentialAction\":[{\"@type\":\"SearchAction\",\"target\":{\"@type\":\"EntryPoint\",\"urlTemplate\":\"http:\/\/fapacastello.com\/es\/?s={search_term_string}\"},\"query-input\":\"required name=search_term_string\"}],\"inLanguage\":\"es\"},{\"@type\":\"ImageObject\",\"inLanguage\":\"es\",\"@id\":\"http:\/\/fapacastello.com\/es\/2024\/04\/12\/butlleti-num-144-2\/#primaryimage\",\"url\":\"https:\/\/fapacastello.com\/wp-content\/uploads\/2024\/04\/Banner-butlleti\u0301.jpg\",\"contentUrl\":\"https:\/\/fapacastello.com\/wp-content\/uploads\/2024\/04\/Banner-butlleti\u0301.jpg\",\"width\":2560,\"height\":1280},{\"@type\":\"WebPage\",\"@id\":\"http:\/\/fapacastello.com\/es\/2024\/04\/12\/butlleti-num-144-2\/#webpage\",\"url\":\"http:\/\/fapacastello.com\/es\/2024\/04\/12\/butlleti-num-144-2\/\",\"name\":\"Bolet\u00edn n.\u00ba 145 | FAMPA Castell\u00f3 Penyagolosa\",\"isPartOf\":{\"@id\":\"http:\/\/fapacastello.com\/es\/#website\"},\"primaryImageOfPage\":{\"@id\":\"http:\/\/fapacastello.com\/es\/2024\/04\/12\/butlleti-num-144-2\/#primaryimage\"},\"datePublished\":\"2024-04-12T10:04:23+00:00\",\"dateModified\":\"2024-05-10T07:08:33+00:00\",\"author\":{\"@id\":\"http:\/\/fapacastello.com\/es\/#\/schema\/person\/91d59e41a269f5dee4a303027882f840\"},\"description\":\"Bolet\u00edn 145 del 12\/04\/2024. Fiesta por la lengua en Cabanes, Sant Jordi en el Grau de Castell\u00f3 y taller planetario por el d\u00eda de la tierra.\",\"breadcrumb\":{\"@id\":\"http:\/\/fapacastello.com\/es\/2024\/04\/12\/butlleti-num-144-2\/#breadcrumb\"},\"inLanguage\":\"es\",\"potentialAction\":[{\"@type\":\"ReadAction\",\"target\":[\"http:\/\/fapacastello.com\/es\/2024\/04\/12\/butlleti-num-144-2\/\"]}]},{\"@type\":\"BreadcrumbList\",\"@id\":\"http:\/\/fapacastello.com\/es\/2024\/04\/12\/butlleti-num-144-2\/#breadcrumb\",\"itemListElement\":[{\"@type\":\"ListItem\",\"position\":1,\"name\":\"Portada\",\"item\":\"http:\/\/fapacastello.com\/es\/\"},{\"@type\":\"ListItem\",\"position\":2,\"name\":\"Bolet\u00edn n.\u00ba 145\"}]},{\"@type\":\"Person\",\"@id\":\"http:\/\/fapacastello.com\/es\/#\/schema\/person\/91d59e41a269f5dee4a303027882f840\",\"name\":\"Raquel Garc\u00eda\",\"image\":{\"@type\":\"ImageObject\",\"inLanguage\":\"es\",\"@id\":\"http:\/\/fapacastello.com\/es\/#\/schema\/person\/image\/\",\"url\":\"https:\/\/secure.gravatar.com\/avatar\/55ba383e1db6bbbe8adcbe85e4cbe60d?s=96&d=mm&r=g\",\"contentUrl\":\"https:\/\/secure.gravatar.com\/avatar\/55ba383e1db6bbbe8adcbe85e4cbe60d?s=96&d=mm&r=g\",\"caption\":\"Raquel Garc\u00eda\"},\"url\":\"https:\/\/fapacastello.com\/es\/author\/socraquel\/\"}]}<\/script>\n<!-- \/ Yoast SEO plugin. -->","yoast_head_json":{"title":"Bolet\u00edn n.\u00ba 145 | FAMPA Castell\u00f3 Penyagolosa","description":"Bolet\u00edn 145 del 12\/04\/2024. Fiesta por la lengua en Cabanes, Sant Jordi en el Grau de Castell\u00f3 y taller planetario por el d\u00eda de la tierra.","robots":{"index":"index","follow":"follow","max-snippet":"max-snippet:-1","max-image-preview":"max-image-preview:large","max-video-preview":"max-video-preview:-1"},"canonical":"http:\/\/fapacastello.com\/es\/2024\/04\/12\/butlleti-num-144-2\/","og_locale":"es_ES","og_type":"article","og_title":"Bolet\u00edn n.\u00ba 145 | FAMPA Castell\u00f3 Penyagolosa","og_description":"Bolet\u00edn 145 del 12\/04\/2024. Fiesta por la lengua en Cabanes, Sant Jordi en el Grau de Castell\u00f3 y taller planetario por el d\u00eda de la tierra.","og_url":"http:\/\/fapacastello.com\/es\/2024\/04\/12\/butlleti-num-144-2\/","og_site_name":"FAMPA Castell\u00f3 Penyagolosa","article_publisher":"http:\/\/www.facebook.com\/fapa.penyagolosa","article_published_time":"2024-04-12T10:04:23+00:00","article_modified_time":"2024-05-10T07:08:33+00:00","og_image":[{"width":2560,"height":1280,"url":"http:\/\/fapacastello.com\/wp-content\/uploads\/2024\/04\/Banner-butlleti\u0301.jpg","type":"image\/jpeg"}],"author":"Raquel Garc\u00eda","twitter_card":"summary","twitter_creator":"@FAMPACS","twitter_site":"@FAMPACS","twitter_misc":{"Escrito por":"Raquel Garc\u00eda","Tiempo de lectura":"2 minutos"},"schema":{"@context":"https:\/\/schema.org","@graph":[{"@type":"WebSite","@id":"http:\/\/fapacastello.com\/es\/#website","url":"http:\/\/fapacastello.com\/es\/","name":"FAMPA Castell\u00f3 Penyagolosa","description":"Fapa-Castell\u00f3n Penyagolosa. Federaci\u00f3n de Asociaciones de Padres i Madres de Alumnos Provincia de Castell\u00f3n.","potentialAction":[{"@type":"SearchAction","target":{"@type":"EntryPoint","urlTemplate":"http:\/\/fapacastello.com\/es\/?s={search_term_string}"},"query-input":"required name=search_term_string"}],"inLanguage":"es"},{"@type":"ImageObject","inLanguage":"es","@id":"http:\/\/fapacastello.com\/es\/2024\/04\/12\/butlleti-num-144-2\/#primaryimage","url":"https:\/\/fapacastello.com\/wp-content\/uploads\/2024\/04\/Banner-butlleti\u0301.jpg","contentUrl":"https:\/\/fapacastello.com\/wp-content\/uploads\/2024\/04\/Banner-butlleti\u0301.jpg","width":2560,"height":1280},{"@type":"WebPage","@id":"http:\/\/fapacastello.com\/es\/2024\/04\/12\/butlleti-num-144-2\/#webpage","url":"http:\/\/fapacastello.com\/es\/2024\/04\/12\/butlleti-num-144-2\/","name":"Bolet\u00edn n.\u00ba 145 | FAMPA Castell\u00f3 Penyagolosa","isPartOf":{"@id":"http:\/\/fapacastello.com\/es\/#website"},"primaryImageOfPage":{"@id":"http:\/\/fapacastello.com\/es\/2024\/04\/12\/butlleti-num-144-2\/#primaryimage"},"datePublished":"2024-04-12T10:04:23+00:00","dateModified":"2024-05-10T07:08:33+00:00","author":{"@id":"http:\/\/fapacastello.com\/es\/#\/schema\/person\/91d59e41a269f5dee4a303027882f840"},"description":"Bolet\u00edn 145 del 12\/04\/2024. Fiesta por la lengua en Cabanes, Sant Jordi en el Grau de Castell\u00f3 y taller planetario por el d\u00eda de la tierra.","breadcrumb":{"@id":"http:\/\/fapacastello.com\/es\/2024\/04\/12\/butlleti-num-144-2\/#breadcrumb"},"inLanguage":"es","potentialAction":[{"@type":"ReadAction","target":["http:\/\/fapacastello.com\/es\/2024\/04\/12\/butlleti-num-144-2\/"]}]},{"@type":"BreadcrumbList","@id":"http:\/\/fapacastello.com\/es\/2024\/04\/12\/butlleti-num-144-2\/#breadcrumb","itemListElement":[{"@type":"ListItem","position":1,"name":"Portada","item":"http:\/\/fapacastello.com\/es\/"},{"@type":"ListItem","position":2,"name":"Bolet\u00edn n.\u00ba 145"}]},{"@type":"Person","@id":"http:\/\/fapacastello.com\/es\/#\/schema\/person\/91d59e41a269f5dee4a303027882f840","name":"Raquel Garc\u00eda","image":{"@type":"ImageObject","inLanguage":"es","@id":"http:\/\/fapacastello.com\/es\/#\/schema\/person\/image\/","url":"https:\/\/secure.gravatar.com\/avatar\/55ba383e1db6bbbe8adcbe85e4cbe60d?s=96&d=mm&r=g","contentUrl":"https:\/\/secure.gravatar.com\/avatar\/55ba383e1db6bbbe8adcbe85e4cbe60d?s=96&d=mm&r=g","caption":"Raquel Garc\u00eda"},"url":"https:\/\/fapacastello.com\/es\/author\/socraquel\/"}]}},"_links":{"self":[{"href":"https:\/\/fapacastello.com\/es\/wp-json\/wp\/v2\/posts\/12298"}],"collection":[{"href":"https:\/\/fapacastello.com\/es\/wp-json\/wp\/v2\/posts"}],"about":[{"href":"https:\/\/fapacastello.com\/es\/wp-json\/wp\/v2\/types\/post"}],"author":[{"embeddable":true,"href":"https:\/\/fapacastello.com\/es\/wp-json\/wp\/v2\/users\/10"}],"replies":[{"embeddable":true,"href":"https:\/\/fapacastello.com\/es\/wp-json\/wp\/v2\/comments?post=12298"}],"version-history":[{"count":3,"href":"https:\/\/fapacastello.com\/es\/wp-json\/wp\/v2\/posts\/12298\/revisions"}],"predecessor-version":[{"id":12310,"href":"https:\/\/fapacastello.com\/es\/wp-json\/wp\/v2\/posts\/12298\/revisions\/12310"}],"wp:featuredmedia":[{"embeddable":true,"href":"https:\/\/fapacastello.com\/es\/wp-json\/wp\/v2\/media\/12304"}],"wp:attachment":[{"href":"https:\/\/fapacastello.com\/es\/wp-json\/wp\/v2\/media?parent=12298"}],"wp:term":[{"taxonomy":"category","embeddable":true,"href":"https:\/\/fapacastello.com\/es\/wp-json\/wp\/v2\/categories?post=12298"},{"taxonomy":"post_tag","embeddable":true,"href":"https:\/\/fapacastello.com\/es\/wp-json\/wp\/v2\/tags?post=12298"}],"curies":[{"name":"wp","href":"https:\/\/api.w.org\/{rel}","templated":true}]}}