

{"id":13244,"date":"2024-10-08T10:39:35","date_gmt":"2024-10-08T08:39:35","guid":{"rendered":"http:\/\/fapacastello.com\/?p=13244\/"},"modified":"2024-10-21T12:32:12","modified_gmt":"2024-10-21T10:32:12","slug":"formacio-el-tabac-i-el-vapeig-en-ladolescencia-2","status":"publish","type":"post","link":"https:\/\/fapacastello.com\/es\/2024\/10\/08\/formacio-el-tabac-i-el-vapeig-en-ladolescencia-2\/","title":{"rendered":"Formaci\u00f3 \u201cEl tabac i el vapeig en l&#8217;adolesc\u00e8ncia\u201d"},"content":{"rendered":"\n<p>El tabaco es la segunda causa de muerte y se estima que m\u00e1s de cinco millones de personas mueren al a\u00f1o como consecuencia de su consumo. El h\u00e1bito tab\u00e1quico es progresivamente m\u00e1s precoz y ocurre alrededor de los 13,5 a\u00f1os. Por ello, y por sus efectos perjudiciales para la salud, el tabaquismo en adolescentes es un problema social grave.<\/p>\n\n\n\n<p>Para concienciar sobre los peligros del tabaquismo en adolescentes, haciendo \u00e9nfasis en sus efectos nocivos, las estrategias comerciales enga\u00f1osas y la importancia de promover el abandono de este h\u00e1bito mediante la educaci\u00f3n, la FAMPA Castell\u00f3 Penyagolosa, en colaboraci\u00f3n con la Confederaci\u00f3n Espa\u00f1ola de Asociaciones de Padres y Madres de Alumnado (CEAPA), ofrecer\u00e1 el viernes 25 de octubre la formaci\u00f3n titulada \u201c<strong>El tabaco y el vapeo en la adolescencia<\/strong>\u201d.<\/p>\n\n\n\n<p>El evento tendr\u00e1 lugar a las <strong>18:30 h en l\u00ednea<\/strong>.<\/p>\n\n\n\n<p>La formaci\u00f3n ser\u00e1 impartida por <a href=\"https:\/\/www.youtube.com\/watch?v=ZhiWawZLq_Q\">Laura Onrubia<\/a>, enfermera con una amplia trayectoria en hospitalizaci\u00f3n pedi\u00e1trica y UCINN.<\/p>\n\n\n\n<h2>Inscripci\u00f3n<\/h2>\n\n\n\n<iframe loading=\"lazy\" src=\"https:\/\/docs.google.com\/forms\/d\/e\/1FAIpQLSdOs75RMJ_WdyxIPW0T4geHnDOncbgp-tdQAIZkTPdd3lLHkA\/viewform?embedded=true\" width=\"640\" height=\"1054\" frameborder=\"0\" marginheight=\"0\" marginwidth=\"0\">Cargando\u2026<\/iframe>\n","protected":false},"excerpt":{"rendered":"<p>El tabaco es la segunda causa de muerte y se estima que m\u00e1s de cinco millones de personas mueren al a\u00f1o como consecuencia de su consumo. El h\u00e1bito tab\u00e1quico es progresivamente m\u00e1s precoz y ocurre alrededor de los 13,5 a\u00f1os. Por ello, y por sus efectos perjudiciales para la salud, el tabaquismo en adolescentes es un problema social grave. Para concienciar sobre los peligros del tabaquismo en adolescentes, haciendo \u00e9nfasis en sus efectos nocivos, las estrategias comerciales enga\u00f1osas y la importancia de promover el abandono de este h\u00e1bito mediante la educaci\u00f3n, la FAMPA Castell\u00f3 Penyagolosa, en colaboraci\u00f3n con la Confederaci\u00f3n Espa\u00f1ola de Asociaciones de Padres y Madres de Alumnado (CEAPA), ofrecer\u00e1 el viernes 25 de octubre la formaci\u00f3n titulada \u201cEl tabaco y el vapeo en la adolescencia\u201d. El evento tendr\u00e1 lugar a las 18:30 h en l\u00ednea. La formaci\u00f3n ser\u00e1 impartida por Laura Onrubia, enfermera con una amplia trayectoria en hospitalizaci\u00f3n pedi\u00e1trica y UCINN. Inscripci\u00f3n Cargando\u2026<\/p>\n","protected":false},"author":10,"featured_media":12979,"comment_status":"closed","ping_status":"closed","sticky":false,"template":"","format":"standard","meta":[],"categories":[527],"tags":[],"yoast_head":"<!-- This site is optimized with the Yoast SEO plugin v19.2 - https:\/\/yoast.com\/wordpress\/plugins\/seo\/ -->\n<title>Formaci\u00f3 \u201cEl tabac i el vapeig en l&#039;adolesc\u00e8ncia\u201d<\/title>\n<meta name=\"robots\" content=\"index, follow, max-snippet:-1, max-image-preview:large, max-video-preview:-1\" \/>\n<link rel=\"canonical\" href=\"https:\/\/fapacastello.com\/es\/2024\/10\/08\/formacio-el-tabac-i-el-vapeig-en-ladolescencia-2\/\" \/>\n<meta property=\"og:locale\" content=\"es_ES\" \/>\n<meta property=\"og:type\" content=\"article\" \/>\n<meta property=\"og:title\" content=\"Formaci\u00f3 \u201cEl tabac i el vapeig en l&#039;adolesc\u00e8ncia\u201d\" \/>\n<meta property=\"og:description\" content=\"El tabaco es la segunda causa de muerte y se estima que m\u00e1s de cinco millones de personas mueren al a\u00f1o como consecuencia de su consumo. El h\u00e1bito tab\u00e1quico es progresivamente m\u00e1s precoz y ocurre alrededor de los 13,5 a\u00f1os. Por ello, y por sus efectos perjudiciales para la salud, el tabaquismo en adolescentes es un problema social grave. Para concienciar sobre los peligros del tabaquismo en adolescentes, haciendo \u00e9nfasis en sus efectos nocivos, las estrategias comerciales enga\u00f1osas y la importancia de promover el abandono de este h\u00e1bito mediante la educaci\u00f3n, la FAMPA Castell\u00f3 Penyagolosa, en colaboraci\u00f3n con la Confederaci\u00f3n Espa\u00f1ola de Asociaciones de Padres y Madres de Alumnado (CEAPA), ofrecer\u00e1 el viernes 25 de octubre la formaci\u00f3n titulada \u201cEl tabaco y el vapeo en la adolescencia\u201d. El evento tendr\u00e1 lugar a las 18:30 h en l\u00ednea. La formaci\u00f3n ser\u00e1 impartida por Laura Onrubia, enfermera con una amplia trayectoria en hospitalizaci\u00f3n pedi\u00e1trica y UCINN. Inscripci\u00f3n Cargando\u2026\" \/>\n<meta property=\"og:url\" content=\"https:\/\/fapacastello.com\/es\/2024\/10\/08\/formacio-el-tabac-i-el-vapeig-en-ladolescencia-2\/\" \/>\n<meta property=\"og:site_name\" content=\"FAMPA Castell\u00f3 Penyagolosa\" \/>\n<meta property=\"article:publisher\" content=\"http:\/\/www.facebook.com\/fapa.penyagolosa\" \/>\n<meta property=\"article:published_time\" content=\"2024-10-08T08:39:35+00:00\" \/>\n<meta property=\"article:modified_time\" content=\"2024-10-21T10:32:12+00:00\" \/>\n<meta property=\"og:image\" content=\"https:\/\/fapacastello.com\/wp-content\/uploads\/2024\/09\/BANNERS-WEB.jpg\" \/>\n\t<meta property=\"og:image:width\" content=\"2000\" \/>\n\t<meta property=\"og:image:height\" content=\"875\" \/>\n\t<meta property=\"og:image:type\" content=\"image\/jpeg\" \/>\n<meta name=\"author\" content=\"Raquel Garc\u00eda\" \/>\n<meta name=\"twitter:card\" content=\"summary\" \/>\n<meta name=\"twitter:creator\" content=\"@FAMPACS\" \/>\n<meta name=\"twitter:site\" content=\"@FAMPACS\" \/>\n<meta name=\"twitter:label1\" content=\"Escrito por\" \/>\n\t<meta name=\"twitter:data1\" content=\"Raquel Garc\u00eda\" \/>\n\t<meta name=\"twitter:label2\" content=\"Tiempo de lectura\" \/>\n\t<meta name=\"twitter:data2\" content=\"1 minuto\" \/>\n<script type=\"application\/ld+json\" class=\"yoast-schema-graph\">{\"@context\":\"https:\/\/schema.org\",\"@graph\":[{\"@type\":\"WebSite\",\"@id\":\"http:\/\/fapacastello.com\/es\/#website\",\"url\":\"http:\/\/fapacastello.com\/es\/\",\"name\":\"FAMPA Castell\u00f3 Penyagolosa\",\"description\":\"Fapa-Castell\u00f3n Penyagolosa. Federaci\u00f3n de Asociaciones de Padres i Madres de Alumnos Provincia de Castell\u00f3n.\",\"potentialAction\":[{\"@type\":\"SearchAction\",\"target\":{\"@type\":\"EntryPoint\",\"urlTemplate\":\"http:\/\/fapacastello.com\/es\/?s={search_term_string}\"},\"query-input\":\"required name=search_term_string\"}],\"inLanguage\":\"es\"},{\"@type\":\"ImageObject\",\"inLanguage\":\"es\",\"@id\":\"https:\/\/fapacastello.com\/es\/2024\/10\/08\/formacio-el-tabac-i-el-vapeig-en-ladolescencia-2\/#primaryimage\",\"url\":\"https:\/\/fapacastello.com\/wp-content\/uploads\/2024\/09\/BANNERS-WEB.jpg\",\"contentUrl\":\"https:\/\/fapacastello.com\/wp-content\/uploads\/2024\/09\/BANNERS-WEB.jpg\",\"width\":2000,\"height\":875},{\"@type\":\"WebPage\",\"@id\":\"https:\/\/fapacastello.com\/es\/2024\/10\/08\/formacio-el-tabac-i-el-vapeig-en-ladolescencia-2\/#webpage\",\"url\":\"https:\/\/fapacastello.com\/es\/2024\/10\/08\/formacio-el-tabac-i-el-vapeig-en-ladolescencia-2\/\",\"name\":\"Formaci\u00f3 \u201cEl tabac i el vapeig en l'adolesc\u00e8ncia\u201d\",\"isPartOf\":{\"@id\":\"http:\/\/fapacastello.com\/es\/#website\"},\"primaryImageOfPage\":{\"@id\":\"https:\/\/fapacastello.com\/es\/2024\/10\/08\/formacio-el-tabac-i-el-vapeig-en-ladolescencia-2\/#primaryimage\"},\"datePublished\":\"2024-10-08T08:39:35+00:00\",\"dateModified\":\"2024-10-21T10:32:12+00:00\",\"author\":{\"@id\":\"http:\/\/fapacastello.com\/es\/#\/schema\/person\/91d59e41a269f5dee4a303027882f840\"},\"breadcrumb\":{\"@id\":\"https:\/\/fapacastello.com\/es\/2024\/10\/08\/formacio-el-tabac-i-el-vapeig-en-ladolescencia-2\/#breadcrumb\"},\"inLanguage\":\"es\",\"potentialAction\":[{\"@type\":\"ReadAction\",\"target\":[\"https:\/\/fapacastello.com\/es\/2024\/10\/08\/formacio-el-tabac-i-el-vapeig-en-ladolescencia-2\/\"]}]},{\"@type\":\"BreadcrumbList\",\"@id\":\"https:\/\/fapacastello.com\/es\/2024\/10\/08\/formacio-el-tabac-i-el-vapeig-en-ladolescencia-2\/#breadcrumb\",\"itemListElement\":[{\"@type\":\"ListItem\",\"position\":1,\"name\":\"Portada\",\"item\":\"http:\/\/fapacastello.com\/es\/\"},{\"@type\":\"ListItem\",\"position\":2,\"name\":\"Formaci\u00f3 \u201cEl tabac i el vapeig en l&#8217;adolesc\u00e8ncia\u201d\"}]},{\"@type\":\"Person\",\"@id\":\"http:\/\/fapacastello.com\/es\/#\/schema\/person\/91d59e41a269f5dee4a303027882f840\",\"name\":\"Raquel Garc\u00eda\",\"image\":{\"@type\":\"ImageObject\",\"inLanguage\":\"es\",\"@id\":\"http:\/\/fapacastello.com\/es\/#\/schema\/person\/image\/\",\"url\":\"https:\/\/secure.gravatar.com\/avatar\/55ba383e1db6bbbe8adcbe85e4cbe60d?s=96&d=mm&r=g\",\"contentUrl\":\"https:\/\/secure.gravatar.com\/avatar\/55ba383e1db6bbbe8adcbe85e4cbe60d?s=96&d=mm&r=g\",\"caption\":\"Raquel Garc\u00eda\"},\"url\":\"https:\/\/fapacastello.com\/es\/author\/socraquel\/\"}]}<\/script>\n<!-- \/ Yoast SEO plugin. -->","yoast_head_json":{"title":"Formaci\u00f3 \u201cEl tabac i el vapeig en l'adolesc\u00e8ncia\u201d","robots":{"index":"index","follow":"follow","max-snippet":"max-snippet:-1","max-image-preview":"max-image-preview:large","max-video-preview":"max-video-preview:-1"},"canonical":"https:\/\/fapacastello.com\/es\/2024\/10\/08\/formacio-el-tabac-i-el-vapeig-en-ladolescencia-2\/","og_locale":"es_ES","og_type":"article","og_title":"Formaci\u00f3 \u201cEl tabac i el vapeig en l'adolesc\u00e8ncia\u201d","og_description":"El tabaco es la segunda causa de muerte y se estima que m\u00e1s de cinco millones de personas mueren al a\u00f1o como consecuencia de su consumo. El h\u00e1bito tab\u00e1quico es progresivamente m\u00e1s precoz y ocurre alrededor de los 13,5 a\u00f1os. Por ello, y por sus efectos perjudiciales para la salud, el tabaquismo en adolescentes es un problema social grave. Para concienciar sobre los peligros del tabaquismo en adolescentes, haciendo \u00e9nfasis en sus efectos nocivos, las estrategias comerciales enga\u00f1osas y la importancia de promover el abandono de este h\u00e1bito mediante la educaci\u00f3n, la FAMPA Castell\u00f3 Penyagolosa, en colaboraci\u00f3n con la Confederaci\u00f3n Espa\u00f1ola de Asociaciones de Padres y Madres de Alumnado (CEAPA), ofrecer\u00e1 el viernes 25 de octubre la formaci\u00f3n titulada \u201cEl tabaco y el vapeo en la adolescencia\u201d. El evento tendr\u00e1 lugar a las 18:30 h en l\u00ednea. La formaci\u00f3n ser\u00e1 impartida por Laura Onrubia, enfermera con una amplia trayectoria en hospitalizaci\u00f3n pedi\u00e1trica y UCINN. Inscripci\u00f3n Cargando\u2026","og_url":"https:\/\/fapacastello.com\/es\/2024\/10\/08\/formacio-el-tabac-i-el-vapeig-en-ladolescencia-2\/","og_site_name":"FAMPA Castell\u00f3 Penyagolosa","article_publisher":"http:\/\/www.facebook.com\/fapa.penyagolosa","article_published_time":"2024-10-08T08:39:35+00:00","article_modified_time":"2024-10-21T10:32:12+00:00","og_image":[{"width":2000,"height":875,"url":"https:\/\/fapacastello.com\/wp-content\/uploads\/2024\/09\/BANNERS-WEB.jpg","type":"image\/jpeg"}],"author":"Raquel Garc\u00eda","twitter_card":"summary","twitter_creator":"@FAMPACS","twitter_site":"@FAMPACS","twitter_misc":{"Escrito por":"Raquel Garc\u00eda","Tiempo de lectura":"1 minuto"},"schema":{"@context":"https:\/\/schema.org","@graph":[{"@type":"WebSite","@id":"http:\/\/fapacastello.com\/es\/#website","url":"http:\/\/fapacastello.com\/es\/","name":"FAMPA Castell\u00f3 Penyagolosa","description":"Fapa-Castell\u00f3n Penyagolosa. Federaci\u00f3n de Asociaciones de Padres i Madres de Alumnos Provincia de Castell\u00f3n.","potentialAction":[{"@type":"SearchAction","target":{"@type":"EntryPoint","urlTemplate":"http:\/\/fapacastello.com\/es\/?s={search_term_string}"},"query-input":"required name=search_term_string"}],"inLanguage":"es"},{"@type":"ImageObject","inLanguage":"es","@id":"https:\/\/fapacastello.com\/es\/2024\/10\/08\/formacio-el-tabac-i-el-vapeig-en-ladolescencia-2\/#primaryimage","url":"https:\/\/fapacastello.com\/wp-content\/uploads\/2024\/09\/BANNERS-WEB.jpg","contentUrl":"https:\/\/fapacastello.com\/wp-content\/uploads\/2024\/09\/BANNERS-WEB.jpg","width":2000,"height":875},{"@type":"WebPage","@id":"https:\/\/fapacastello.com\/es\/2024\/10\/08\/formacio-el-tabac-i-el-vapeig-en-ladolescencia-2\/#webpage","url":"https:\/\/fapacastello.com\/es\/2024\/10\/08\/formacio-el-tabac-i-el-vapeig-en-ladolescencia-2\/","name":"Formaci\u00f3 \u201cEl tabac i el vapeig en l'adolesc\u00e8ncia\u201d","isPartOf":{"@id":"http:\/\/fapacastello.com\/es\/#website"},"primaryImageOfPage":{"@id":"https:\/\/fapacastello.com\/es\/2024\/10\/08\/formacio-el-tabac-i-el-vapeig-en-ladolescencia-2\/#primaryimage"},"datePublished":"2024-10-08T08:39:35+00:00","dateModified":"2024-10-21T10:32:12+00:00","author":{"@id":"http:\/\/fapacastello.com\/es\/#\/schema\/person\/91d59e41a269f5dee4a303027882f840"},"breadcrumb":{"@id":"https:\/\/fapacastello.com\/es\/2024\/10\/08\/formacio-el-tabac-i-el-vapeig-en-ladolescencia-2\/#breadcrumb"},"inLanguage":"es","potentialAction":[{"@type":"ReadAction","target":["https:\/\/fapacastello.com\/es\/2024\/10\/08\/formacio-el-tabac-i-el-vapeig-en-ladolescencia-2\/"]}]},{"@type":"BreadcrumbList","@id":"https:\/\/fapacastello.com\/es\/2024\/10\/08\/formacio-el-tabac-i-el-vapeig-en-ladolescencia-2\/#breadcrumb","itemListElement":[{"@type":"ListItem","position":1,"name":"Portada","item":"http:\/\/fapacastello.com\/es\/"},{"@type":"ListItem","position":2,"name":"Formaci\u00f3 \u201cEl tabac i el vapeig en l&#8217;adolesc\u00e8ncia\u201d"}]},{"@type":"Person","@id":"http:\/\/fapacastello.com\/es\/#\/schema\/person\/91d59e41a269f5dee4a303027882f840","name":"Raquel Garc\u00eda","image":{"@type":"ImageObject","inLanguage":"es","@id":"http:\/\/fapacastello.com\/es\/#\/schema\/person\/image\/","url":"https:\/\/secure.gravatar.com\/avatar\/55ba383e1db6bbbe8adcbe85e4cbe60d?s=96&d=mm&r=g","contentUrl":"https:\/\/secure.gravatar.com\/avatar\/55ba383e1db6bbbe8adcbe85e4cbe60d?s=96&d=mm&r=g","caption":"Raquel Garc\u00eda"},"url":"https:\/\/fapacastello.com\/es\/author\/socraquel\/"}]}},"_links":{"self":[{"href":"https:\/\/fapacastello.com\/es\/wp-json\/wp\/v2\/posts\/13244"}],"collection":[{"href":"https:\/\/fapacastello.com\/es\/wp-json\/wp\/v2\/posts"}],"about":[{"href":"https:\/\/fapacastello.com\/es\/wp-json\/wp\/v2\/types\/post"}],"author":[{"embeddable":true,"href":"https:\/\/fapacastello.com\/es\/wp-json\/wp\/v2\/users\/10"}],"replies":[{"embeddable":true,"href":"https:\/\/fapacastello.com\/es\/wp-json\/wp\/v2\/comments?post=13244"}],"version-history":[{"count":3,"href":"https:\/\/fapacastello.com\/es\/wp-json\/wp\/v2\/posts\/13244\/revisions"}],"predecessor-version":[{"id":13287,"href":"https:\/\/fapacastello.com\/es\/wp-json\/wp\/v2\/posts\/13244\/revisions\/13287"}],"wp:featuredmedia":[{"embeddable":true,"href":"https:\/\/fapacastello.com\/es\/wp-json\/wp\/v2\/media\/12979"}],"wp:attachment":[{"href":"https:\/\/fapacastello.com\/es\/wp-json\/wp\/v2\/media?parent=13244"}],"wp:term":[{"taxonomy":"category","embeddable":true,"href":"https:\/\/fapacastello.com\/es\/wp-json\/wp\/v2\/categories?post=13244"},{"taxonomy":"post_tag","embeddable":true,"href":"https:\/\/fapacastello.com\/es\/wp-json\/wp\/v2\/tags?post=13244"}],"curies":[{"name":"wp","href":"https:\/\/api.w.org\/{rel}","templated":true}]}}