

{"id":14662,"date":"2025-09-29T11:12:51","date_gmt":"2025-09-29T09:12:51","guid":{"rendered":"https:\/\/fapacastello.com\/?p=14662\/"},"modified":"2025-09-29T11:14:23","modified_gmt":"2025-09-29T09:14:23","slug":"la-fampa-et-forma-2025-2026","status":"publish","type":"post","link":"https:\/\/fapacastello.com\/es\/2025\/09\/29\/la-fampa-et-forma-2025-2026\/","title":{"rendered":"La FAMPA te Forma 2025-2026"},"content":{"rendered":"\n<p>Queridas familias,<\/p>\n\n\n\n<p>Nos alegra anunciaros que vuelve el programa formativo de la FAMPA&nbsp;<strong>\u201cLa FAMPA te Forma 2025-2026\u201d<\/strong>.<\/p>\n\n\n\n<p>Este a\u00f1o ponemos a vuestra disposici\u00f3n&nbsp;<strong>41 formaciones gratuitas<\/strong>&nbsp;\u2014entre charlas y talleres pr\u00e1cticos\u2014 pensadas para daros apoyo en la educaci\u00f3n de vuestros hijos e hijas.<\/p>\n\n\n\n<p>Como novedad, hemos organizado todas las actividades por \u00e1reas tem\u00e1ticas para que os resulte m\u00e1s f\u00e1cil elegir las que mejor se adapten a las necesidades de cada AFA:<\/p>\n\n\n\n<ul><li>Orientaci\u00f3n acad\u00e9mica<\/li><li>T\u00e9cnicas de estudio y estrategias de aprendizaje<\/li><li>Lectoescritura<\/li><li>Uso de tecnolog\u00edas<\/li><li>Acompa\u00f1amiento emocional<\/li><li>Igualdad<\/li><li>Salud y buenos h\u00e1bitos<\/li><li>Prevenci\u00f3n y resoluci\u00f3n de conflictos<\/li><li>Seguridad y primeros auxilios<\/li><\/ul>\n\n\n\n<p>Este curso hemos reforzado especialmente las propuestas sobre nuevas tecnolog\u00edas, salud y educaci\u00f3n emocional, respondiendo a las necesidades que m\u00e1s nos hab\u00e9is trasladado las familias.<\/p>\n\n\n\n<p>\ud83d\udccc&nbsp;<strong>Importante:<\/strong>&nbsp;en principio, cada AFA federada solo podr\u00e1 solicitar 2 formaciones. No obstante, dado que el programa se financia con las cuotas de las AFA y con las subvenciones que recibe la federaci\u00f3n \u2014y que este a\u00f1o la situaci\u00f3n de subvenciones es incierta\u2014, el n\u00famero de formaciones podr\u00eda variar: podr\u00eda ser solo una o, si el presupuesto lo permite, m\u00e1s de dos.<\/p>\n\n\n\n<p>\ud83d\uddd3\ufe0f Las actividades podr\u00e1n realizarse entre el&nbsp;<strong>1 de enero y el 31 de mayo de 2026<\/strong>.<\/p>\n\n\n\n<p>Para solicitarlas, \u00fanicamente ten\u00e9is que rellenar este formulario:<br>\ud83d\udc49&nbsp;<a href=\"https:\/\/forms.gle\/XMkdsyZurmbSBiPb8\" target=\"_blank\" rel=\"noreferrer noopener\">https:\/\/forms.gle\/XMkdsyZurmbSBiPb8<\/a><\/p>\n\n\n\n<p>Adem\u00e1s, os adjuntamos un documento con toda la informaci\u00f3n sobre los cursos y charlas disponibles.<\/p>\n\n\n\n<p>\ud83d\udccd Para m\u00e1s informaci\u00f3n, pod\u00e9is entrar en nuestra web:&nbsp;<a href=\"https:\/\/fapacastello.com\/cursos-2-2-2\/\" target=\"_blank\" rel=\"noreferrer noopener\">https:\/\/fapacastello.com\/cursos-2-2-2\/<\/a><\/p>\n\n\n\n<p>Muchas gracias por vuestra implicaci\u00f3n y por seguir confiando en la formaci\u00f3n como una herramienta clave para acompa\u00f1ar a nuestros hijos e hijas.<\/p>\n\n\n\n<div class=\"wp-block-file\"><object class=\"wp-block-file__embed\" data=\"https:\/\/fapacastello.com\/wp-content\/uploads\/2025\/09\/CAS-LA-FAMPA-ET-FORMA-2526-1.pdf\" type=\"application\/pdf\" style=\"width:100%;height:600px\" aria-label=\"Incrustado de CAS-LA-FAMPA-ET-FORMA-2526-1.\"><\/object><a id=\"wp-block-file--media-fe27da08-9612-4667-824a-bf60f2af804d\" href=\"https:\/\/fapacastello.com\/wp-content\/uploads\/2025\/09\/CAS-LA-FAMPA-ET-FORMA-2526-1.pdf\">CAS-LA-FAMPA-ET-FORMA-2526-1<\/a><a href=\"https:\/\/fapacastello.com\/wp-content\/uploads\/2025\/09\/CAS-LA-FAMPA-ET-FORMA-2526-1.pdf\" class=\"wp-block-file__button\" download aria-describedby=\"wp-block-file--media-fe27da08-9612-4667-824a-bf60f2af804d\">Descarga<\/a><\/div>\n","protected":false},"excerpt":{"rendered":"<p>Vuelve el programa formativo \u201cLa FAMPA te Forma\u201d con 41 formaciones pensadas para apoyaros en la educaci\u00f3n de vuestros hijos e hijas.<\/p>\n","protected":false},"author":10,"featured_media":14660,"comment_status":"closed","ping_status":"closed","sticky":false,"template":"","format":"standard","meta":[],"categories":[1],"tags":[],"yoast_head":"<!-- This site is optimized with the Yoast SEO plugin v19.2 - https:\/\/yoast.com\/wordpress\/plugins\/seo\/ -->\n<title>La FAMPA te Forma 2025-2026<\/title>\n<meta name=\"description\" content=\"Vuelve el programa formativo \u201cLa FAMPA te Forma\u201d con 41 formaciones pensadas para apoyaros en la educaci\u00f3n de vuestros hijos e hijas.\" \/>\n<meta name=\"robots\" content=\"index, follow, max-snippet:-1, max-image-preview:large, max-video-preview:-1\" \/>\n<link rel=\"canonical\" href=\"https:\/\/fapacastello.com\/es\/2025\/09\/29\/la-fampa-et-forma-2025-2026\/\" \/>\n<meta property=\"og:locale\" content=\"es_ES\" \/>\n<meta property=\"og:type\" content=\"article\" \/>\n<meta property=\"og:title\" content=\"La FAMPA te Forma 2025-2026\" \/>\n<meta property=\"og:description\" content=\"Vuelve el programa formativo \u201cLa FAMPA te Forma\u201d con 41 formaciones pensadas para apoyaros en la educaci\u00f3n de vuestros hijos e hijas.\" \/>\n<meta property=\"og:url\" content=\"https:\/\/fapacastello.com\/es\/2025\/09\/29\/la-fampa-et-forma-2025-2026\/\" \/>\n<meta property=\"og:site_name\" content=\"FAMPA Castell\u00f3 Penyagolosa\" \/>\n<meta property=\"article:publisher\" content=\"http:\/\/www.facebook.com\/fapa.penyagolosa\" \/>\n<meta property=\"article:published_time\" content=\"2025-09-29T09:12:51+00:00\" \/>\n<meta property=\"article:modified_time\" content=\"2025-09-29T09:14:23+00:00\" \/>\n<meta property=\"og:image\" content=\"https:\/\/fapacastello.com\/wp-content\/uploads\/2025\/09\/BANNERS-WEB-4.jpg\" \/>\n\t<meta property=\"og:image:width\" content=\"2000\" \/>\n\t<meta property=\"og:image:height\" content=\"875\" \/>\n\t<meta property=\"og:image:type\" content=\"image\/jpeg\" \/>\n<meta name=\"author\" content=\"Raquel Garc\u00eda\" \/>\n<meta name=\"twitter:card\" content=\"summary\" \/>\n<meta name=\"twitter:creator\" content=\"@FAMPACS\" \/>\n<meta name=\"twitter:site\" content=\"@FAMPACS\" \/>\n<meta name=\"twitter:label1\" content=\"Escrito por\" \/>\n\t<meta name=\"twitter:data1\" content=\"Raquel Garc\u00eda\" \/>\n\t<meta name=\"twitter:label2\" content=\"Tiempo de lectura\" \/>\n\t<meta name=\"twitter:data2\" content=\"2 minutos\" \/>\n<script type=\"application\/ld+json\" class=\"yoast-schema-graph\">{\"@context\":\"https:\/\/schema.org\",\"@graph\":[{\"@type\":\"WebSite\",\"@id\":\"http:\/\/fapacastello.com\/es\/#website\",\"url\":\"http:\/\/fapacastello.com\/es\/\",\"name\":\"FAMPA Castell\u00f3 Penyagolosa\",\"description\":\"Fapa-Castell\u00f3n Penyagolosa. Federaci\u00f3n de Asociaciones de Padres i Madres de Alumnos Provincia de Castell\u00f3n.\",\"potentialAction\":[{\"@type\":\"SearchAction\",\"target\":{\"@type\":\"EntryPoint\",\"urlTemplate\":\"http:\/\/fapacastello.com\/es\/?s={search_term_string}\"},\"query-input\":\"required name=search_term_string\"}],\"inLanguage\":\"es\"},{\"@type\":\"ImageObject\",\"inLanguage\":\"es\",\"@id\":\"https:\/\/fapacastello.com\/es\/2025\/09\/29\/la-fampa-et-forma-2025-2026\/#primaryimage\",\"url\":\"https:\/\/fapacastello.com\/wp-content\/uploads\/2025\/09\/BANNERS-WEB-4.jpg\",\"contentUrl\":\"https:\/\/fapacastello.com\/wp-content\/uploads\/2025\/09\/BANNERS-WEB-4.jpg\",\"width\":2000,\"height\":875},{\"@type\":\"WebPage\",\"@id\":\"https:\/\/fapacastello.com\/es\/2025\/09\/29\/la-fampa-et-forma-2025-2026\/#webpage\",\"url\":\"https:\/\/fapacastello.com\/es\/2025\/09\/29\/la-fampa-et-forma-2025-2026\/\",\"name\":\"La FAMPA te Forma 2025-2026\",\"isPartOf\":{\"@id\":\"http:\/\/fapacastello.com\/es\/#website\"},\"primaryImageOfPage\":{\"@id\":\"https:\/\/fapacastello.com\/es\/2025\/09\/29\/la-fampa-et-forma-2025-2026\/#primaryimage\"},\"datePublished\":\"2025-09-29T09:12:51+00:00\",\"dateModified\":\"2025-09-29T09:14:23+00:00\",\"author\":{\"@id\":\"http:\/\/fapacastello.com\/es\/#\/schema\/person\/91d59e41a269f5dee4a303027882f840\"},\"description\":\"Vuelve el programa formativo \u201cLa FAMPA te Forma\u201d con 41 formaciones pensadas para apoyaros en la educaci\u00f3n de vuestros hijos e hijas.\",\"breadcrumb\":{\"@id\":\"https:\/\/fapacastello.com\/es\/2025\/09\/29\/la-fampa-et-forma-2025-2026\/#breadcrumb\"},\"inLanguage\":\"es\",\"potentialAction\":[{\"@type\":\"ReadAction\",\"target\":[\"https:\/\/fapacastello.com\/es\/2025\/09\/29\/la-fampa-et-forma-2025-2026\/\"]}]},{\"@type\":\"BreadcrumbList\",\"@id\":\"https:\/\/fapacastello.com\/es\/2025\/09\/29\/la-fampa-et-forma-2025-2026\/#breadcrumb\",\"itemListElement\":[{\"@type\":\"ListItem\",\"position\":1,\"name\":\"Portada\",\"item\":\"http:\/\/fapacastello.com\/es\/\"},{\"@type\":\"ListItem\",\"position\":2,\"name\":\"La FAMPA te Forma 2025-2026\"}]},{\"@type\":\"Person\",\"@id\":\"http:\/\/fapacastello.com\/es\/#\/schema\/person\/91d59e41a269f5dee4a303027882f840\",\"name\":\"Raquel Garc\u00eda\",\"image\":{\"@type\":\"ImageObject\",\"inLanguage\":\"es\",\"@id\":\"http:\/\/fapacastello.com\/es\/#\/schema\/person\/image\/\",\"url\":\"https:\/\/secure.gravatar.com\/avatar\/55ba383e1db6bbbe8adcbe85e4cbe60d?s=96&d=mm&r=g\",\"contentUrl\":\"https:\/\/secure.gravatar.com\/avatar\/55ba383e1db6bbbe8adcbe85e4cbe60d?s=96&d=mm&r=g\",\"caption\":\"Raquel Garc\u00eda\"},\"url\":\"https:\/\/fapacastello.com\/es\/author\/socraquel\/\"}]}<\/script>\n<!-- \/ Yoast SEO plugin. -->","yoast_head_json":{"title":"La FAMPA te Forma 2025-2026","description":"Vuelve el programa formativo \u201cLa FAMPA te Forma\u201d con 41 formaciones pensadas para apoyaros en la educaci\u00f3n de vuestros hijos e hijas.","robots":{"index":"index","follow":"follow","max-snippet":"max-snippet:-1","max-image-preview":"max-image-preview:large","max-video-preview":"max-video-preview:-1"},"canonical":"https:\/\/fapacastello.com\/es\/2025\/09\/29\/la-fampa-et-forma-2025-2026\/","og_locale":"es_ES","og_type":"article","og_title":"La FAMPA te Forma 2025-2026","og_description":"Vuelve el programa formativo \u201cLa FAMPA te Forma\u201d con 41 formaciones pensadas para apoyaros en la educaci\u00f3n de vuestros hijos e hijas.","og_url":"https:\/\/fapacastello.com\/es\/2025\/09\/29\/la-fampa-et-forma-2025-2026\/","og_site_name":"FAMPA Castell\u00f3 Penyagolosa","article_publisher":"http:\/\/www.facebook.com\/fapa.penyagolosa","article_published_time":"2025-09-29T09:12:51+00:00","article_modified_time":"2025-09-29T09:14:23+00:00","og_image":[{"width":2000,"height":875,"url":"https:\/\/fapacastello.com\/wp-content\/uploads\/2025\/09\/BANNERS-WEB-4.jpg","type":"image\/jpeg"}],"author":"Raquel Garc\u00eda","twitter_card":"summary","twitter_creator":"@FAMPACS","twitter_site":"@FAMPACS","twitter_misc":{"Escrito por":"Raquel Garc\u00eda","Tiempo de lectura":"2 minutos"},"schema":{"@context":"https:\/\/schema.org","@graph":[{"@type":"WebSite","@id":"http:\/\/fapacastello.com\/es\/#website","url":"http:\/\/fapacastello.com\/es\/","name":"FAMPA Castell\u00f3 Penyagolosa","description":"Fapa-Castell\u00f3n Penyagolosa. Federaci\u00f3n de Asociaciones de Padres i Madres de Alumnos Provincia de Castell\u00f3n.","potentialAction":[{"@type":"SearchAction","target":{"@type":"EntryPoint","urlTemplate":"http:\/\/fapacastello.com\/es\/?s={search_term_string}"},"query-input":"required name=search_term_string"}],"inLanguage":"es"},{"@type":"ImageObject","inLanguage":"es","@id":"https:\/\/fapacastello.com\/es\/2025\/09\/29\/la-fampa-et-forma-2025-2026\/#primaryimage","url":"https:\/\/fapacastello.com\/wp-content\/uploads\/2025\/09\/BANNERS-WEB-4.jpg","contentUrl":"https:\/\/fapacastello.com\/wp-content\/uploads\/2025\/09\/BANNERS-WEB-4.jpg","width":2000,"height":875},{"@type":"WebPage","@id":"https:\/\/fapacastello.com\/es\/2025\/09\/29\/la-fampa-et-forma-2025-2026\/#webpage","url":"https:\/\/fapacastello.com\/es\/2025\/09\/29\/la-fampa-et-forma-2025-2026\/","name":"La FAMPA te Forma 2025-2026","isPartOf":{"@id":"http:\/\/fapacastello.com\/es\/#website"},"primaryImageOfPage":{"@id":"https:\/\/fapacastello.com\/es\/2025\/09\/29\/la-fampa-et-forma-2025-2026\/#primaryimage"},"datePublished":"2025-09-29T09:12:51+00:00","dateModified":"2025-09-29T09:14:23+00:00","author":{"@id":"http:\/\/fapacastello.com\/es\/#\/schema\/person\/91d59e41a269f5dee4a303027882f840"},"description":"Vuelve el programa formativo \u201cLa FAMPA te Forma\u201d con 41 formaciones pensadas para apoyaros en la educaci\u00f3n de vuestros hijos e hijas.","breadcrumb":{"@id":"https:\/\/fapacastello.com\/es\/2025\/09\/29\/la-fampa-et-forma-2025-2026\/#breadcrumb"},"inLanguage":"es","potentialAction":[{"@type":"ReadAction","target":["https:\/\/fapacastello.com\/es\/2025\/09\/29\/la-fampa-et-forma-2025-2026\/"]}]},{"@type":"BreadcrumbList","@id":"https:\/\/fapacastello.com\/es\/2025\/09\/29\/la-fampa-et-forma-2025-2026\/#breadcrumb","itemListElement":[{"@type":"ListItem","position":1,"name":"Portada","item":"http:\/\/fapacastello.com\/es\/"},{"@type":"ListItem","position":2,"name":"La FAMPA te Forma 2025-2026"}]},{"@type":"Person","@id":"http:\/\/fapacastello.com\/es\/#\/schema\/person\/91d59e41a269f5dee4a303027882f840","name":"Raquel Garc\u00eda","image":{"@type":"ImageObject","inLanguage":"es","@id":"http:\/\/fapacastello.com\/es\/#\/schema\/person\/image\/","url":"https:\/\/secure.gravatar.com\/avatar\/55ba383e1db6bbbe8adcbe85e4cbe60d?s=96&d=mm&r=g","contentUrl":"https:\/\/secure.gravatar.com\/avatar\/55ba383e1db6bbbe8adcbe85e4cbe60d?s=96&d=mm&r=g","caption":"Raquel Garc\u00eda"},"url":"https:\/\/fapacastello.com\/es\/author\/socraquel\/"}]}},"_links":{"self":[{"href":"https:\/\/fapacastello.com\/es\/wp-json\/wp\/v2\/posts\/14662"}],"collection":[{"href":"https:\/\/fapacastello.com\/es\/wp-json\/wp\/v2\/posts"}],"about":[{"href":"https:\/\/fapacastello.com\/es\/wp-json\/wp\/v2\/types\/post"}],"author":[{"embeddable":true,"href":"https:\/\/fapacastello.com\/es\/wp-json\/wp\/v2\/users\/10"}],"replies":[{"embeddable":true,"href":"https:\/\/fapacastello.com\/es\/wp-json\/wp\/v2\/comments?post=14662"}],"version-history":[{"count":2,"href":"https:\/\/fapacastello.com\/es\/wp-json\/wp\/v2\/posts\/14662\/revisions"}],"predecessor-version":[{"id":14667,"href":"https:\/\/fapacastello.com\/es\/wp-json\/wp\/v2\/posts\/14662\/revisions\/14667"}],"wp:featuredmedia":[{"embeddable":true,"href":"https:\/\/fapacastello.com\/es\/wp-json\/wp\/v2\/media\/14660"}],"wp:attachment":[{"href":"https:\/\/fapacastello.com\/es\/wp-json\/wp\/v2\/media?parent=14662"}],"wp:term":[{"taxonomy":"category","embeddable":true,"href":"https:\/\/fapacastello.com\/es\/wp-json\/wp\/v2\/categories?post=14662"},{"taxonomy":"post_tag","embeddable":true,"href":"https:\/\/fapacastello.com\/es\/wp-json\/wp\/v2\/tags?post=14662"}],"curies":[{"name":"wp","href":"https:\/\/api.w.org\/{rel}","templated":true}]}}