

{"id":15146,"date":"2026-04-28T10:05:46","date_gmt":"2026-04-28T08:05:46","guid":{"rendered":"https:\/\/fapacastello.com\/?p=15146\/"},"modified":"2026-04-28T10:08:27","modified_gmt":"2026-04-28T08:08:27","slug":"abierto-el-iii-concurso-literario-la-magia-de-las-palabras","status":"publish","type":"post","link":"https:\/\/fapacastello.com\/es\/2026\/04\/28\/abierto-el-iii-concurso-literario-la-magia-de-las-palabras\/","title":{"rendered":"Abierto el III concurso literario \u00abLa Magia de las Palabras\u00bb"},"content":{"rendered":"\n<p>La FAMPA Castell\u00f3 Penyagolosa ha anunciado la convocatoria de la tercera edici\u00f3n del concurso de cuentos \u00abLa M\u00e0gia de les Paraules\u00bb. Este certamen nace con la finalidad de fomentar la escritura y lectura en valenciano entre los y las m\u00e1s j\u00f3venes. El plazo para la recepci\u00f3n de los trabajos, que debe hacerse de manera telem\u00e1tica, permanecer\u00e1 abierto hasta el pr\u00f3ximo 23 de mayo de 2026 a las 15 h.<\/p>\n\n\n\n<p>El concurso est\u00e1 dirigido exclusivamente al alumnado miembro de las AMPA\/AFA federadas a FAMPA Castell\u00f3 Penyagolosa. Para abarcar todas las etapas educativas, se han establecido las siguientes categor\u00edas: infantil de 3, 4 y 5 a\u00f1os, primero a tercero de primaria, cuarto a sexto de primaria, ESO y Bachillerato. De esta manera, el concurso contar\u00e1 con un ganador o ganadora por cada una de las cinco categor\u00edas.<\/p>\n\n\n\n<p>En cuanto a los requisitos, los cuentos deben ser originales, in\u00e9ditos y de autor\u00eda exclusiva del alumno o alumna participante. La tem\u00e1tica es libre, pero la obra debe estar escrita en valenciano y contar obligatoriamente con un t\u00edtulo. La extensi\u00f3n m\u00e1xima se ha fijado en tres p\u00e1ginas y se permite la inclusi\u00f3n de dibujos; incluso, en el caso de la categor\u00eda de Infantil, los trabajos pueden ser totalmente gr\u00e1ficos. Para garantizar la igualdad de oportunidades, los trabajos se enviar\u00e1n de forma an\u00f3nima y solo estar\u00e1n identificados en el documento con el t\u00edtulo de la historia, dejando los datos personales exclusivamente para el formulario de inscripci\u00f3n.<\/p>\n\n\n\n<p>Un jurado conformado por personas de la organizaci\u00f3n y del \u00e1mbito cultural valorar\u00e1 la creatividad, la originalidad y la calidad literaria de las obras. El alumnado ganador recibir\u00e1 un detalle y un diploma acreditativo, mientras que las AFA a las que pertenecen ser\u00e1n galardonadas con un lote de libros para enriquecer sus bibliotecas. Como premio destacado, la federaci\u00f3n editar\u00e1 la revista La M\u00e0gia de les Paraules, donde se publicar\u00e1n los trabajos premiados y, si fuera necesario para completar la edici\u00f3n, los cuentos m\u00e1s votados.<br>Los premios se entregar\u00e1n en un acto oficial del cual se informar\u00e1 pr\u00f3ximamente. Todas las inscripciones deben formalizarse obligatoriamente a trav\u00e9s del formulario habilitado por la organizaci\u00f3n: <a href=\"https:\/\/forms.gle\/o5rzYa1x1zTJZxBx7\">https:\/\/forms.gle\/o5rzYa1x1zTJZxBx7<\/a> .<\/p>\n\n\n\n<p><\/p>\n\n\n\n<figure class=\"wp-block-image size-large\"><img loading=\"lazy\" width=\"819\" height=\"1024\" src=\"https:\/\/fapacastello.com\/wp-content\/uploads\/2026\/04\/2-819x1024.jpg\" alt=\"\" class=\"wp-image-15147\" srcset=\"https:\/\/fapacastello.com\/wp-content\/uploads\/2026\/04\/2-819x1024.jpg 819w, https:\/\/fapacastello.com\/wp-content\/uploads\/2026\/04\/2-240x300.jpg 240w, https:\/\/fapacastello.com\/wp-content\/uploads\/2026\/04\/2-768x960.jpg 768w, https:\/\/fapacastello.com\/wp-content\/uploads\/2026\/04\/2-1229x1536.jpg 1229w, https:\/\/fapacastello.com\/wp-content\/uploads\/2026\/04\/2-1638x2048.jpg 1638w, https:\/\/fapacastello.com\/wp-content\/uploads\/2026\/04\/2-117x146.jpg 117w, https:\/\/fapacastello.com\/wp-content\/uploads\/2026\/04\/2-40x50.jpg 40w, https:\/\/fapacastello.com\/wp-content\/uploads\/2026\/04\/2-60x75.jpg 60w, https:\/\/fapacastello.com\/wp-content\/uploads\/2026\/04\/2-640x800.jpg 640w, https:\/\/fapacastello.com\/wp-content\/uploads\/2026\/04\/2-scaled.jpg 2048w\" sizes=\"(max-width: 819px) 100vw, 819px\" \/><\/figure>\n\n\n\n<div class=\"wp-block-file\"><object class=\"wp-block-file__embed\" data=\"https:\/\/fapacastello.com\/wp-content\/uploads\/2026\/04\/Bases-La-Ma\u0300gia-de-les-Paraules-III-CAS-1.pdf\" type=\"application\/pdf\" style=\"width:100%;height:600px\" aria-label=\"Incrustado de Bases-La-Ma\u0300gia-de-les-Paraules-III-CAS-1.\"><\/object><a id=\"wp-block-file--media-60776045-5c4f-4d22-9733-a22351efeb94\" href=\"https:\/\/fapacastello.com\/wp-content\/uploads\/2026\/04\/Bases-La-Ma\u0300gia-de-les-Paraules-III-CAS-1.pdf\">Bases-La-Ma\u0300gia-de-les-Paraules-III-CAS-1<\/a><a href=\"https:\/\/fapacastello.com\/wp-content\/uploads\/2026\/04\/Bases-La-Ma\u0300gia-de-les-Paraules-III-CAS-1.pdf\" class=\"wp-block-file__button\" download aria-describedby=\"wp-block-file--media-60776045-5c4f-4d22-9733-a22351efeb94\">Descarga<\/a><\/div>\n","protected":false},"excerpt":{"rendered":"<p>Este certamen nace con la finalidad de fomentar la escritura y lectura en valenciano entre los y las m\u00e1s j\u00f3venes.<\/p>\n","protected":false},"author":10,"featured_media":15077,"comment_status":"closed","ping_status":"closed","sticky":false,"template":"","format":"standard","meta":[],"categories":[527],"tags":[],"yoast_head":"<!-- This site is optimized with the Yoast SEO plugin v19.2 - https:\/\/yoast.com\/wordpress\/plugins\/seo\/ -->\n<title>Abierto el III concurso literario \u00abLa Magia de las Palabras\u00bb<\/title>\n<meta name=\"description\" content=\"Este certamen nace con la finalidad de fomentar la escritura y lectura en valenciano entre los y las m\u00e1s j\u00f3venes.\" \/>\n<meta name=\"robots\" content=\"index, follow, max-snippet:-1, max-image-preview:large, max-video-preview:-1\" \/>\n<link rel=\"canonical\" href=\"https:\/\/fapacastello.com\/es\/2026\/04\/28\/abierto-el-iii-concurso-literario-la-magia-de-las-palabras\/\" \/>\n<meta property=\"og:locale\" content=\"es_ES\" \/>\n<meta property=\"og:type\" content=\"article\" \/>\n<meta property=\"og:title\" content=\"Abierto el III concurso literario \u00abLa Magia de las Palabras\u00bb\" \/>\n<meta property=\"og:description\" content=\"Este certamen nace con la finalidad de fomentar la escritura y lectura en valenciano entre los y las m\u00e1s j\u00f3venes.\" \/>\n<meta property=\"og:url\" content=\"https:\/\/fapacastello.com\/es\/2026\/04\/28\/abierto-el-iii-concurso-literario-la-magia-de-las-palabras\/\" \/>\n<meta property=\"og:site_name\" content=\"FAMPA Castell\u00f3 Penyagolosa\" \/>\n<meta property=\"article:publisher\" content=\"http:\/\/www.facebook.com\/fapa.penyagolosa\" \/>\n<meta property=\"article:published_time\" content=\"2026-04-28T08:05:46+00:00\" \/>\n<meta property=\"article:modified_time\" content=\"2026-04-28T08:08:27+00:00\" \/>\n<meta property=\"og:image\" content=\"https:\/\/fapacastello.com\/wp-content\/uploads\/2026\/04\/BANNERS-WEB-1-1.jpg\" \/>\n\t<meta property=\"og:image:width\" content=\"2000\" \/>\n\t<meta property=\"og:image:height\" content=\"875\" \/>\n\t<meta property=\"og:image:type\" content=\"image\/jpeg\" \/>\n<meta name=\"author\" content=\"Raquel Garc\u00eda\" \/>\n<meta name=\"twitter:card\" content=\"summary\" \/>\n<meta name=\"twitter:creator\" content=\"@FAMPACS\" \/>\n<meta name=\"twitter:site\" content=\"@FAMPACS\" \/>\n<meta name=\"twitter:label1\" content=\"Escrito por\" \/>\n\t<meta name=\"twitter:data1\" content=\"Raquel Garc\u00eda\" \/>\n\t<meta name=\"twitter:label2\" content=\"Tiempo de lectura\" \/>\n\t<meta name=\"twitter:data2\" content=\"3 minutos\" \/>\n<script type=\"application\/ld+json\" class=\"yoast-schema-graph\">{\"@context\":\"https:\/\/schema.org\",\"@graph\":[{\"@type\":\"WebSite\",\"@id\":\"http:\/\/fapacastello.com\/es\/#website\",\"url\":\"http:\/\/fapacastello.com\/es\/\",\"name\":\"FAMPA Castell\u00f3 Penyagolosa\",\"description\":\"Fapa-Castell\u00f3n Penyagolosa. Federaci\u00f3n de Asociaciones de Padres i Madres de Alumnos Provincia de Castell\u00f3n.\",\"potentialAction\":[{\"@type\":\"SearchAction\",\"target\":{\"@type\":\"EntryPoint\",\"urlTemplate\":\"http:\/\/fapacastello.com\/es\/?s={search_term_string}\"},\"query-input\":\"required name=search_term_string\"}],\"inLanguage\":\"es\"},{\"@type\":\"ImageObject\",\"inLanguage\":\"es\",\"@id\":\"https:\/\/fapacastello.com\/es\/2026\/04\/28\/abierto-el-iii-concurso-literario-la-magia-de-las-palabras\/#primaryimage\",\"url\":\"https:\/\/fapacastello.com\/wp-content\/uploads\/2026\/04\/BANNERS-WEB-1-1.jpg\",\"contentUrl\":\"https:\/\/fapacastello.com\/wp-content\/uploads\/2026\/04\/BANNERS-WEB-1-1.jpg\",\"width\":2000,\"height\":875},{\"@type\":\"WebPage\",\"@id\":\"https:\/\/fapacastello.com\/es\/2026\/04\/28\/abierto-el-iii-concurso-literario-la-magia-de-las-palabras\/#webpage\",\"url\":\"https:\/\/fapacastello.com\/es\/2026\/04\/28\/abierto-el-iii-concurso-literario-la-magia-de-las-palabras\/\",\"name\":\"Abierto el III concurso literario \u00abLa Magia de las Palabras\u00bb\",\"isPartOf\":{\"@id\":\"http:\/\/fapacastello.com\/es\/#website\"},\"primaryImageOfPage\":{\"@id\":\"https:\/\/fapacastello.com\/es\/2026\/04\/28\/abierto-el-iii-concurso-literario-la-magia-de-las-palabras\/#primaryimage\"},\"datePublished\":\"2026-04-28T08:05:46+00:00\",\"dateModified\":\"2026-04-28T08:08:27+00:00\",\"author\":{\"@id\":\"http:\/\/fapacastello.com\/es\/#\/schema\/person\/91d59e41a269f5dee4a303027882f840\"},\"description\":\"Este certamen nace con la finalidad de fomentar la escritura y lectura en valenciano entre los y las m\u00e1s j\u00f3venes.\",\"breadcrumb\":{\"@id\":\"https:\/\/fapacastello.com\/es\/2026\/04\/28\/abierto-el-iii-concurso-literario-la-magia-de-las-palabras\/#breadcrumb\"},\"inLanguage\":\"es\",\"potentialAction\":[{\"@type\":\"ReadAction\",\"target\":[\"https:\/\/fapacastello.com\/es\/2026\/04\/28\/abierto-el-iii-concurso-literario-la-magia-de-las-palabras\/\"]}]},{\"@type\":\"BreadcrumbList\",\"@id\":\"https:\/\/fapacastello.com\/es\/2026\/04\/28\/abierto-el-iii-concurso-literario-la-magia-de-las-palabras\/#breadcrumb\",\"itemListElement\":[{\"@type\":\"ListItem\",\"position\":1,\"name\":\"Portada\",\"item\":\"http:\/\/fapacastello.com\/es\/\"},{\"@type\":\"ListItem\",\"position\":2,\"name\":\"Abierto el III concurso literario \u00abLa Magia de las Palabras\u00bb\"}]},{\"@type\":\"Person\",\"@id\":\"http:\/\/fapacastello.com\/es\/#\/schema\/person\/91d59e41a269f5dee4a303027882f840\",\"name\":\"Raquel Garc\u00eda\",\"image\":{\"@type\":\"ImageObject\",\"inLanguage\":\"es\",\"@id\":\"http:\/\/fapacastello.com\/es\/#\/schema\/person\/image\/\",\"url\":\"https:\/\/secure.gravatar.com\/avatar\/55ba383e1db6bbbe8adcbe85e4cbe60d?s=96&d=mm&r=g\",\"contentUrl\":\"https:\/\/secure.gravatar.com\/avatar\/55ba383e1db6bbbe8adcbe85e4cbe60d?s=96&d=mm&r=g\",\"caption\":\"Raquel Garc\u00eda\"},\"url\":\"https:\/\/fapacastello.com\/es\/author\/socraquel\/\"}]}<\/script>\n<!-- \/ Yoast SEO plugin. -->","yoast_head_json":{"title":"Abierto el III concurso literario \u00abLa Magia de las Palabras\u00bb","description":"Este certamen nace con la finalidad de fomentar la escritura y lectura en valenciano entre los y las m\u00e1s j\u00f3venes.","robots":{"index":"index","follow":"follow","max-snippet":"max-snippet:-1","max-image-preview":"max-image-preview:large","max-video-preview":"max-video-preview:-1"},"canonical":"https:\/\/fapacastello.com\/es\/2026\/04\/28\/abierto-el-iii-concurso-literario-la-magia-de-las-palabras\/","og_locale":"es_ES","og_type":"article","og_title":"Abierto el III concurso literario \u00abLa Magia de las Palabras\u00bb","og_description":"Este certamen nace con la finalidad de fomentar la escritura y lectura en valenciano entre los y las m\u00e1s j\u00f3venes.","og_url":"https:\/\/fapacastello.com\/es\/2026\/04\/28\/abierto-el-iii-concurso-literario-la-magia-de-las-palabras\/","og_site_name":"FAMPA Castell\u00f3 Penyagolosa","article_publisher":"http:\/\/www.facebook.com\/fapa.penyagolosa","article_published_time":"2026-04-28T08:05:46+00:00","article_modified_time":"2026-04-28T08:08:27+00:00","og_image":[{"width":2000,"height":875,"url":"https:\/\/fapacastello.com\/wp-content\/uploads\/2026\/04\/BANNERS-WEB-1-1.jpg","type":"image\/jpeg"}],"author":"Raquel Garc\u00eda","twitter_card":"summary","twitter_creator":"@FAMPACS","twitter_site":"@FAMPACS","twitter_misc":{"Escrito por":"Raquel Garc\u00eda","Tiempo de lectura":"3 minutos"},"schema":{"@context":"https:\/\/schema.org","@graph":[{"@type":"WebSite","@id":"http:\/\/fapacastello.com\/es\/#website","url":"http:\/\/fapacastello.com\/es\/","name":"FAMPA Castell\u00f3 Penyagolosa","description":"Fapa-Castell\u00f3n Penyagolosa. Federaci\u00f3n de Asociaciones de Padres i Madres de Alumnos Provincia de Castell\u00f3n.","potentialAction":[{"@type":"SearchAction","target":{"@type":"EntryPoint","urlTemplate":"http:\/\/fapacastello.com\/es\/?s={search_term_string}"},"query-input":"required name=search_term_string"}],"inLanguage":"es"},{"@type":"ImageObject","inLanguage":"es","@id":"https:\/\/fapacastello.com\/es\/2026\/04\/28\/abierto-el-iii-concurso-literario-la-magia-de-las-palabras\/#primaryimage","url":"https:\/\/fapacastello.com\/wp-content\/uploads\/2026\/04\/BANNERS-WEB-1-1.jpg","contentUrl":"https:\/\/fapacastello.com\/wp-content\/uploads\/2026\/04\/BANNERS-WEB-1-1.jpg","width":2000,"height":875},{"@type":"WebPage","@id":"https:\/\/fapacastello.com\/es\/2026\/04\/28\/abierto-el-iii-concurso-literario-la-magia-de-las-palabras\/#webpage","url":"https:\/\/fapacastello.com\/es\/2026\/04\/28\/abierto-el-iii-concurso-literario-la-magia-de-las-palabras\/","name":"Abierto el III concurso literario \u00abLa Magia de las Palabras\u00bb","isPartOf":{"@id":"http:\/\/fapacastello.com\/es\/#website"},"primaryImageOfPage":{"@id":"https:\/\/fapacastello.com\/es\/2026\/04\/28\/abierto-el-iii-concurso-literario-la-magia-de-las-palabras\/#primaryimage"},"datePublished":"2026-04-28T08:05:46+00:00","dateModified":"2026-04-28T08:08:27+00:00","author":{"@id":"http:\/\/fapacastello.com\/es\/#\/schema\/person\/91d59e41a269f5dee4a303027882f840"},"description":"Este certamen nace con la finalidad de fomentar la escritura y lectura en valenciano entre los y las m\u00e1s j\u00f3venes.","breadcrumb":{"@id":"https:\/\/fapacastello.com\/es\/2026\/04\/28\/abierto-el-iii-concurso-literario-la-magia-de-las-palabras\/#breadcrumb"},"inLanguage":"es","potentialAction":[{"@type":"ReadAction","target":["https:\/\/fapacastello.com\/es\/2026\/04\/28\/abierto-el-iii-concurso-literario-la-magia-de-las-palabras\/"]}]},{"@type":"BreadcrumbList","@id":"https:\/\/fapacastello.com\/es\/2026\/04\/28\/abierto-el-iii-concurso-literario-la-magia-de-las-palabras\/#breadcrumb","itemListElement":[{"@type":"ListItem","position":1,"name":"Portada","item":"http:\/\/fapacastello.com\/es\/"},{"@type":"ListItem","position":2,"name":"Abierto el III concurso literario \u00abLa Magia de las Palabras\u00bb"}]},{"@type":"Person","@id":"http:\/\/fapacastello.com\/es\/#\/schema\/person\/91d59e41a269f5dee4a303027882f840","name":"Raquel Garc\u00eda","image":{"@type":"ImageObject","inLanguage":"es","@id":"http:\/\/fapacastello.com\/es\/#\/schema\/person\/image\/","url":"https:\/\/secure.gravatar.com\/avatar\/55ba383e1db6bbbe8adcbe85e4cbe60d?s=96&d=mm&r=g","contentUrl":"https:\/\/secure.gravatar.com\/avatar\/55ba383e1db6bbbe8adcbe85e4cbe60d?s=96&d=mm&r=g","caption":"Raquel Garc\u00eda"},"url":"https:\/\/fapacastello.com\/es\/author\/socraquel\/"}]}},"_links":{"self":[{"href":"https:\/\/fapacastello.com\/es\/wp-json\/wp\/v2\/posts\/15146"}],"collection":[{"href":"https:\/\/fapacastello.com\/es\/wp-json\/wp\/v2\/posts"}],"about":[{"href":"https:\/\/fapacastello.com\/es\/wp-json\/wp\/v2\/types\/post"}],"author":[{"embeddable":true,"href":"https:\/\/fapacastello.com\/es\/wp-json\/wp\/v2\/users\/10"}],"replies":[{"embeddable":true,"href":"https:\/\/fapacastello.com\/es\/wp-json\/wp\/v2\/comments?post=15146"}],"version-history":[{"count":2,"href":"https:\/\/fapacastello.com\/es\/wp-json\/wp\/v2\/posts\/15146\/revisions"}],"predecessor-version":[{"id":15155,"href":"https:\/\/fapacastello.com\/es\/wp-json\/wp\/v2\/posts\/15146\/revisions\/15155"}],"wp:featuredmedia":[{"embeddable":true,"href":"https:\/\/fapacastello.com\/es\/wp-json\/wp\/v2\/media\/15077"}],"wp:attachment":[{"href":"https:\/\/fapacastello.com\/es\/wp-json\/wp\/v2\/media?parent=15146"}],"wp:term":[{"taxonomy":"category","embeddable":true,"href":"https:\/\/fapacastello.com\/es\/wp-json\/wp\/v2\/categories?post=15146"},{"taxonomy":"post_tag","embeddable":true,"href":"https:\/\/fapacastello.com\/es\/wp-json\/wp\/v2\/tags?post=15146"}],"curies":[{"name":"wp","href":"https:\/\/api.w.org\/{rel}","templated":true}]}}