

{"id":7369,"date":"2021-11-05T12:19:55","date_gmt":"2021-11-05T11:19:55","guid":{"rendered":"http:\/\/fapacastello.com\/?p=7369\/"},"modified":"2022-11-28T10:36:07","modified_gmt":"2022-11-28T09:36:07","slug":"%f0%9f%93%a2-llega-nuevo-boletin-fampa","status":"publish","type":"post","link":"https:\/\/fapacastello.com\/es\/2021\/11\/05\/%f0%9f%93%a2-llega-nuevo-boletin-fampa\/","title":{"rendered":"Bolet\u00edn n.\u00ba 52"},"content":{"rendered":"<p>Estimadas familias,<\/p>\n<p>Esta semana os hablamos sobre la vuelta de las AMPA a los centros educativos.<\/p>\n<p>Por otro lado, se convoca el concurso de tarjetas navide\u00f1as de los premios Jes\u00fas Medrano en su duod\u00e9cima edici\u00f3n.<\/p>\n<p>Por \u00faltimo, os animamos a disfrutar de la Muestra de Teatro Reclam, que el pr\u00f3ximo fin de semana estar\u00e1 en Benicarl\u00f3 y Castell\u00f3.<\/p>\n<p>Tambi\u00e9n os recordamos que este fin de semana se celebra la Feria Valenciana de la M\u00fasica TROVAM, con actuaciones para todos los p\u00fablicos.<\/p>\n<p>Toda la informaci\u00f3n la ten\u00e9is en los enlaces sobre las <a href=\"https:\/\/drive.google.com\/file\/d\/1zpPxzYVzJfSOqkDAclprdIjdulVNiIz5\/view?usp=sharing\">im\u00e1genes<\/a>.<\/p>\n<p><a href=\"http:\/\/fapacastello.com\/wp-content\/uploads\/2021\/11\/Bolet\u00edn-n52-castellano.pdf\">Bolet\u00edn n52 castellano<\/a> <img loading=\"lazy\" class=\"alignnone size-large wp-image-7397\" src=\"http:\/\/fapacastello.com\/wp-content\/uploads\/2021\/11\/Bolet\u00edn-n52-724x1024.png\" alt=\"Bolet\u00edn n52\" width=\"724\" height=\"1024\" srcset=\"https:\/\/fapacastello.com\/wp-content\/uploads\/2021\/11\/Bolet\u00edn-n52-724x1024.png 724w, https:\/\/fapacastello.com\/wp-content\/uploads\/2021\/11\/Bolet\u00edn-n52-212x300.png 212w, https:\/\/fapacastello.com\/wp-content\/uploads\/2021\/11\/Bolet\u00edn-n52-768x1086.png 768w, https:\/\/fapacastello.com\/wp-content\/uploads\/2021\/11\/Bolet\u00edn-n52-103x146.png 103w, https:\/\/fapacastello.com\/wp-content\/uploads\/2021\/11\/Bolet\u00edn-n52-35x50.png 35w, https:\/\/fapacastello.com\/wp-content\/uploads\/2021\/11\/Bolet\u00edn-n52-53x75.png 53w, https:\/\/fapacastello.com\/wp-content\/uploads\/2021\/11\/Bolet\u00edn-n52-300x424.png 300w, https:\/\/fapacastello.com\/wp-content\/uploads\/2021\/11\/Bolet\u00edn-n52.png 1414w\" sizes=\"(max-width: 724px) 100vw, 724px\" \/><\/p>\n","protected":false},"excerpt":{"rendered":"<p>Estimadas familias, Esta semana os hablamos sobre la vuelta de las AMPA a los centros educativos. Por otro lado, se convoca el concurso de tarjetas navide\u00f1as de los premios Jes\u00fas Medrano en su duod\u00e9cima edici\u00f3n. Por \u00faltimo, os animamos a disfrutar de la Muestra de Teatro Reclam, que el pr\u00f3ximo fin de semana estar\u00e1 en Benicarl\u00f3 y Castell\u00f3. Tambi\u00e9n os recordamos que este fin de semana se celebra la Feria Valenciana de la M\u00fasica TROVAM, con actuaciones para todos los p\u00fablicos. Toda la informaci\u00f3n la ten\u00e9is en los enlaces sobre las im\u00e1genes. Bolet\u00edn n52 castellano<\/p>\n","protected":false},"author":8,"featured_media":7387,"comment_status":"closed","ping_status":"closed","sticky":false,"template":"","format":"standard","meta":[],"categories":[526],"tags":[],"yoast_head":"<!-- This site is optimized with the Yoast SEO plugin v19.2 - https:\/\/yoast.com\/wordpress\/plugins\/seo\/ -->\n<title>Bolet\u00edn n.\u00ba 52 | FAMPA Castell\u00f3 Penyagolosa<\/title>\n<meta name=\"robots\" content=\"index, follow, max-snippet:-1, max-image-preview:large, max-video-preview:-1\" \/>\n<link rel=\"canonical\" href=\"https:\/\/fapacastello.com\/es\/2021\/11\/05\/\ud83d\udce2-llega-nuevo-boletin-fampa\/\" \/>\n<meta property=\"og:locale\" content=\"es_ES\" \/>\n<meta property=\"og:type\" content=\"article\" \/>\n<meta property=\"og:title\" content=\"Bolet\u00edn n.\u00ba 52 | FAMPA Castell\u00f3 Penyagolosa\" \/>\n<meta property=\"og:description\" content=\"Estimadas familias, Esta semana os hablamos sobre la vuelta de las AMPA a los centros educativos. Por otro lado, se convoca el concurso de tarjetas navide\u00f1as de los premios Jes\u00fas Medrano en su duod\u00e9cima edici\u00f3n. Por \u00faltimo, os animamos a disfrutar de la Muestra de Teatro Reclam, que el pr\u00f3ximo fin de semana estar\u00e1 en Benicarl\u00f3 y Castell\u00f3. Tambi\u00e9n os recordamos que este fin de semana se celebra la Feria Valenciana de la M\u00fasica TROVAM, con actuaciones para todos los p\u00fablicos. Toda la informaci\u00f3n la ten\u00e9is en los enlaces sobre las im\u00e1genes. Bolet\u00edn n52 castellano\" \/>\n<meta property=\"og:url\" content=\"https:\/\/fapacastello.com\/es\/2021\/11\/05\/\ud83d\udce2-llega-nuevo-boletin-fampa\/\" \/>\n<meta property=\"og:site_name\" content=\"FAMPA Castell\u00f3 Penyagolosa\" \/>\n<meta property=\"article:publisher\" content=\"http:\/\/www.facebook.com\/fapa.penyagolosa\" \/>\n<meta property=\"article:published_time\" content=\"2021-11-05T11:19:55+00:00\" \/>\n<meta property=\"article:modified_time\" content=\"2022-11-28T09:36:07+00:00\" \/>\n<meta property=\"og:image\" content=\"https:\/\/fapacastello.com\/wp-content\/uploads\/2021\/11\/1.-butlletins-fampa-logo.png\" \/>\n\t<meta property=\"og:image:width\" content=\"300\" \/>\n\t<meta property=\"og:image:height\" content=\"250\" \/>\n\t<meta property=\"og:image:type\" content=\"image\/png\" \/>\n<meta name=\"author\" content=\"fapa-castello\" \/>\n<meta name=\"twitter:card\" content=\"summary\" \/>\n<meta name=\"twitter:creator\" content=\"@FAMPACS\" \/>\n<meta name=\"twitter:site\" content=\"@FAMPACS\" \/>\n<meta name=\"twitter:label1\" content=\"Escrito por\" \/>\n\t<meta name=\"twitter:data1\" content=\"fapa-castello\" \/>\n\t<meta name=\"twitter:label2\" content=\"Tiempo de lectura\" \/>\n\t<meta name=\"twitter:data2\" content=\"1 minuto\" \/>\n<script type=\"application\/ld+json\" class=\"yoast-schema-graph\">{\"@context\":\"https:\/\/schema.org\",\"@graph\":[{\"@type\":\"WebSite\",\"@id\":\"https:\/\/fapacastello.com\/es\/#website\",\"url\":\"https:\/\/fapacastello.com\/es\/\",\"name\":\"FAMPA Castell\u00f3 Penyagolosa\",\"description\":\"Fapa-Castell\u00f3n Penyagolosa. Federaci\u00f3n de Asociaciones de Padres i Madres de Alumnos Provincia de Castell\u00f3n.\",\"potentialAction\":[{\"@type\":\"SearchAction\",\"target\":{\"@type\":\"EntryPoint\",\"urlTemplate\":\"https:\/\/fapacastello.com\/es\/?s={search_term_string}\"},\"query-input\":\"required name=search_term_string\"}],\"inLanguage\":\"es\"},{\"@type\":\"ImageObject\",\"inLanguage\":\"es\",\"@id\":\"https:\/\/fapacastello.com\/es\/2021\/11\/05\/%f0%9f%93%a2-llega-nuevo-boletin-fampa\/#primaryimage\",\"url\":\"https:\/\/fapacastello.com\/wp-content\/uploads\/2021\/11\/1.-butlletins-fampa-logo.png\",\"contentUrl\":\"https:\/\/fapacastello.com\/wp-content\/uploads\/2021\/11\/1.-butlletins-fampa-logo.png\",\"width\":300,\"height\":250},{\"@type\":\"WebPage\",\"@id\":\"https:\/\/fapacastello.com\/es\/2021\/11\/05\/%f0%9f%93%a2-llega-nuevo-boletin-fampa\/#webpage\",\"url\":\"https:\/\/fapacastello.com\/es\/2021\/11\/05\/%f0%9f%93%a2-llega-nuevo-boletin-fampa\/\",\"name\":\"Bolet\u00edn n.\u00ba 52 | FAMPA Castell\u00f3 Penyagolosa\",\"isPartOf\":{\"@id\":\"https:\/\/fapacastello.com\/es\/#website\"},\"primaryImageOfPage\":{\"@id\":\"https:\/\/fapacastello.com\/es\/2021\/11\/05\/%f0%9f%93%a2-llega-nuevo-boletin-fampa\/#primaryimage\"},\"datePublished\":\"2021-11-05T11:19:55+00:00\",\"dateModified\":\"2022-11-28T09:36:07+00:00\",\"author\":{\"@id\":\"https:\/\/fapacastello.com\/es\/#\/schema\/person\/46c54eb81f03b77860cfddb88663b983\"},\"breadcrumb\":{\"@id\":\"https:\/\/fapacastello.com\/es\/2021\/11\/05\/%f0%9f%93%a2-llega-nuevo-boletin-fampa\/#breadcrumb\"},\"inLanguage\":\"es\",\"potentialAction\":[{\"@type\":\"ReadAction\",\"target\":[\"https:\/\/fapacastello.com\/es\/2021\/11\/05\/%f0%9f%93%a2-llega-nuevo-boletin-fampa\/\"]}]},{\"@type\":\"BreadcrumbList\",\"@id\":\"https:\/\/fapacastello.com\/es\/2021\/11\/05\/%f0%9f%93%a2-llega-nuevo-boletin-fampa\/#breadcrumb\",\"itemListElement\":[{\"@type\":\"ListItem\",\"position\":1,\"name\":\"Portada\",\"item\":\"https:\/\/fapacastello.com\/es\/\"},{\"@type\":\"ListItem\",\"position\":2,\"name\":\"Bolet\u00edn n.\u00ba 52\"}]},{\"@type\":\"Person\",\"@id\":\"https:\/\/fapacastello.com\/es\/#\/schema\/person\/46c54eb81f03b77860cfddb88663b983\",\"name\":\"fapa-castello\",\"image\":{\"@type\":\"ImageObject\",\"inLanguage\":\"es\",\"@id\":\"https:\/\/fapacastello.com\/es\/#\/schema\/person\/image\/\",\"url\":\"https:\/\/secure.gravatar.com\/avatar\/f08769ceadf86cbd2b2e787ee96b8697?s=96&d=mm&r=g\",\"contentUrl\":\"https:\/\/secure.gravatar.com\/avatar\/f08769ceadf86cbd2b2e787ee96b8697?s=96&d=mm&r=g\",\"caption\":\"fapa-castello\"},\"url\":\"https:\/\/fapacastello.com\/es\/author\/fapa-castello\/\"}]}<\/script>\n<!-- \/ Yoast SEO plugin. -->","yoast_head_json":{"title":"Bolet\u00edn n.\u00ba 52 | FAMPA Castell\u00f3 Penyagolosa","robots":{"index":"index","follow":"follow","max-snippet":"max-snippet:-1","max-image-preview":"max-image-preview:large","max-video-preview":"max-video-preview:-1"},"canonical":"https:\/\/fapacastello.com\/es\/2021\/11\/05\/\ud83d\udce2-llega-nuevo-boletin-fampa\/","og_locale":"es_ES","og_type":"article","og_title":"Bolet\u00edn n.\u00ba 52 | FAMPA Castell\u00f3 Penyagolosa","og_description":"Estimadas familias, Esta semana os hablamos sobre la vuelta de las AMPA a los centros educativos. Por otro lado, se convoca el concurso de tarjetas navide\u00f1as de los premios Jes\u00fas Medrano en su duod\u00e9cima edici\u00f3n. Por \u00faltimo, os animamos a disfrutar de la Muestra de Teatro Reclam, que el pr\u00f3ximo fin de semana estar\u00e1 en Benicarl\u00f3 y Castell\u00f3. Tambi\u00e9n os recordamos que este fin de semana se celebra la Feria Valenciana de la M\u00fasica TROVAM, con actuaciones para todos los p\u00fablicos. Toda la informaci\u00f3n la ten\u00e9is en los enlaces sobre las im\u00e1genes. Bolet\u00edn n52 castellano","og_url":"https:\/\/fapacastello.com\/es\/2021\/11\/05\/\ud83d\udce2-llega-nuevo-boletin-fampa\/","og_site_name":"FAMPA Castell\u00f3 Penyagolosa","article_publisher":"http:\/\/www.facebook.com\/fapa.penyagolosa","article_published_time":"2021-11-05T11:19:55+00:00","article_modified_time":"2022-11-28T09:36:07+00:00","og_image":[{"width":300,"height":250,"url":"https:\/\/fapacastello.com\/wp-content\/uploads\/2021\/11\/1.-butlletins-fampa-logo.png","type":"image\/png"}],"author":"fapa-castello","twitter_card":"summary","twitter_creator":"@FAMPACS","twitter_site":"@FAMPACS","twitter_misc":{"Escrito por":"fapa-castello","Tiempo de lectura":"1 minuto"},"schema":{"@context":"https:\/\/schema.org","@graph":[{"@type":"WebSite","@id":"https:\/\/fapacastello.com\/es\/#website","url":"https:\/\/fapacastello.com\/es\/","name":"FAMPA Castell\u00f3 Penyagolosa","description":"Fapa-Castell\u00f3n Penyagolosa. Federaci\u00f3n de Asociaciones de Padres i Madres de Alumnos Provincia de Castell\u00f3n.","potentialAction":[{"@type":"SearchAction","target":{"@type":"EntryPoint","urlTemplate":"https:\/\/fapacastello.com\/es\/?s={search_term_string}"},"query-input":"required name=search_term_string"}],"inLanguage":"es"},{"@type":"ImageObject","inLanguage":"es","@id":"https:\/\/fapacastello.com\/es\/2021\/11\/05\/%f0%9f%93%a2-llega-nuevo-boletin-fampa\/#primaryimage","url":"https:\/\/fapacastello.com\/wp-content\/uploads\/2021\/11\/1.-butlletins-fampa-logo.png","contentUrl":"https:\/\/fapacastello.com\/wp-content\/uploads\/2021\/11\/1.-butlletins-fampa-logo.png","width":300,"height":250},{"@type":"WebPage","@id":"https:\/\/fapacastello.com\/es\/2021\/11\/05\/%f0%9f%93%a2-llega-nuevo-boletin-fampa\/#webpage","url":"https:\/\/fapacastello.com\/es\/2021\/11\/05\/%f0%9f%93%a2-llega-nuevo-boletin-fampa\/","name":"Bolet\u00edn n.\u00ba 52 | FAMPA Castell\u00f3 Penyagolosa","isPartOf":{"@id":"https:\/\/fapacastello.com\/es\/#website"},"primaryImageOfPage":{"@id":"https:\/\/fapacastello.com\/es\/2021\/11\/05\/%f0%9f%93%a2-llega-nuevo-boletin-fampa\/#primaryimage"},"datePublished":"2021-11-05T11:19:55+00:00","dateModified":"2022-11-28T09:36:07+00:00","author":{"@id":"https:\/\/fapacastello.com\/es\/#\/schema\/person\/46c54eb81f03b77860cfddb88663b983"},"breadcrumb":{"@id":"https:\/\/fapacastello.com\/es\/2021\/11\/05\/%f0%9f%93%a2-llega-nuevo-boletin-fampa\/#breadcrumb"},"inLanguage":"es","potentialAction":[{"@type":"ReadAction","target":["https:\/\/fapacastello.com\/es\/2021\/11\/05\/%f0%9f%93%a2-llega-nuevo-boletin-fampa\/"]}]},{"@type":"BreadcrumbList","@id":"https:\/\/fapacastello.com\/es\/2021\/11\/05\/%f0%9f%93%a2-llega-nuevo-boletin-fampa\/#breadcrumb","itemListElement":[{"@type":"ListItem","position":1,"name":"Portada","item":"https:\/\/fapacastello.com\/es\/"},{"@type":"ListItem","position":2,"name":"Bolet\u00edn n.\u00ba 52"}]},{"@type":"Person","@id":"https:\/\/fapacastello.com\/es\/#\/schema\/person\/46c54eb81f03b77860cfddb88663b983","name":"fapa-castello","image":{"@type":"ImageObject","inLanguage":"es","@id":"https:\/\/fapacastello.com\/es\/#\/schema\/person\/image\/","url":"https:\/\/secure.gravatar.com\/avatar\/f08769ceadf86cbd2b2e787ee96b8697?s=96&d=mm&r=g","contentUrl":"https:\/\/secure.gravatar.com\/avatar\/f08769ceadf86cbd2b2e787ee96b8697?s=96&d=mm&r=g","caption":"fapa-castello"},"url":"https:\/\/fapacastello.com\/es\/author\/fapa-castello\/"}]}},"_links":{"self":[{"href":"https:\/\/fapacastello.com\/es\/wp-json\/wp\/v2\/posts\/7369"}],"collection":[{"href":"https:\/\/fapacastello.com\/es\/wp-json\/wp\/v2\/posts"}],"about":[{"href":"https:\/\/fapacastello.com\/es\/wp-json\/wp\/v2\/types\/post"}],"author":[{"embeddable":true,"href":"https:\/\/fapacastello.com\/es\/wp-json\/wp\/v2\/users\/8"}],"replies":[{"embeddable":true,"href":"https:\/\/fapacastello.com\/es\/wp-json\/wp\/v2\/comments?post=7369"}],"version-history":[{"count":4,"href":"https:\/\/fapacastello.com\/es\/wp-json\/wp\/v2\/posts\/7369\/revisions"}],"predecessor-version":[{"id":9100,"href":"https:\/\/fapacastello.com\/es\/wp-json\/wp\/v2\/posts\/7369\/revisions\/9100"}],"wp:featuredmedia":[{"embeddable":true,"href":"https:\/\/fapacastello.com\/es\/wp-json\/wp\/v2\/media\/7387"}],"wp:attachment":[{"href":"https:\/\/fapacastello.com\/es\/wp-json\/wp\/v2\/media?parent=7369"}],"wp:term":[{"taxonomy":"category","embeddable":true,"href":"https:\/\/fapacastello.com\/es\/wp-json\/wp\/v2\/categories?post=7369"},{"taxonomy":"post_tag","embeddable":true,"href":"https:\/\/fapacastello.com\/es\/wp-json\/wp\/v2\/tags?post=7369"}],"curies":[{"name":"wp","href":"https:\/\/api.w.org\/{rel}","templated":true}]}}