

{"id":7839,"date":"2022-03-09T12:54:47","date_gmt":"2022-03-09T11:54:47","guid":{"rendered":"http:\/\/fapacastello.com\/?p=7839\/"},"modified":"2022-11-23T13:25:45","modified_gmt":"2022-11-23T12:25:45","slug":"fampa-castello-apoya-ninas-y-ninos-refugiados","status":"publish","type":"post","link":"https:\/\/fapacastello.com\/es\/2022\/03\/09\/fampa-castello-apoya-ninas-y-ninos-refugiados\/","title":{"rendered":"FAMPA Castell\u00f3 apoya a ni\u00f1as y ni\u00f1os refugiados"},"content":{"rendered":"<ul>\n<li><span style=\"font-weight: 400;\">Los centros de la provincia se preparan para recibir nuevo alumnado<\/span><\/li>\n<\/ul>\n<p style=\"text-align: justify;\"><span style=\"font-weight: 400;\">FAMPA Castell\u00f3 Penyagolosa apoya a las familias y menores que llegan a los municipios de la provincia e insta a la poblaci\u00f3n a fomentar la inclusi\u00f3n en todos los \u00e1mbitos, sobre todo el educativo.<\/span><\/p>\n<p style=\"text-align: justify;\"><span style=\"font-weight: 400;\">Las instituciones tienen que ser conscientes de que tienen que velar por el bienestar de los ni\u00f1os, ni\u00f1as y adolescentes y dar respuesta a sus necesidades. Por tanto, se tiene que prever ya como dar respuesta al aumento de la escolarizaci\u00f3n en esta recta final del curso.<\/span><\/p>\n<p style=\"text-align: justify;\"><span style=\"font-weight: 400;\">La federaci\u00f3n reivindica la urgencia de planificar la adaptaci\u00f3n de los menores, en la medida de lo posible, y de conseguir la plena inclusi\u00f3n. Por eso, es necesario que estas personas tengan la oportunidad de seguir form\u00e1ndose en una escuela, como defiende FAMPA Castell\u00f3, acogedora, inclusiva, abierta, p\u00fablica y de calidad.<\/span><\/p>\n<p style=\"text-align: justify;\"><span style=\"font-weight: 400;\">Finalmente, animamos a las familias a colaborar con la recogida solidaria en materia de ayuda humanitaria que realizan sus centros educativos (colegios, institutos) y los ayuntamientos, preferiblemente en puntos oficiales y centralizados.<\/span><\/p>\n","protected":false},"excerpt":{"rendered":"<p>Los centros de la provincia se preparan para recibir nuevo alumnado FAMPA Castell\u00f3 Penyagolosa apoya a las familias y menores que llegan a los municipios de la provincia e insta a la poblaci\u00f3n a fomentar la inclusi\u00f3n en todos los \u00e1mbitos, sobre todo el educativo. Las instituciones tienen que ser conscientes de que tienen que velar por el bienestar de los ni\u00f1os, ni\u00f1as y adolescentes y dar respuesta a sus necesidades. Por tanto, se tiene que prever ya como dar respuesta al aumento de la escolarizaci\u00f3n en esta recta final del curso. La federaci\u00f3n reivindica la urgencia de planificar la adaptaci\u00f3n de los menores, en la medida de lo posible, y de conseguir la plena inclusi\u00f3n. Por eso, es necesario que estas personas tengan la oportunidad de seguir form\u00e1ndose en una escuela, como defiende FAMPA Castell\u00f3, acogedora, inclusiva, abierta, p\u00fablica y de calidad. Finalmente, animamos a las familias a colaborar con la recogida solidaria en materia de ayuda humanitaria que realizan sus centros educativos (colegios, institutos) y los ayuntamientos, preferiblemente en puntos oficiales y centralizados.<\/p>\n","protected":false},"author":5,"featured_media":4042,"comment_status":"closed","ping_status":"closed","sticky":false,"template":"","format":"standard","meta":[],"categories":[527],"tags":[],"yoast_head":"<!-- This site is optimized with the Yoast SEO plugin v19.2 - https:\/\/yoast.com\/wordpress\/plugins\/seo\/ -->\n<title>FAMPA Castell\u00f3 apoya a ni\u00f1as y ni\u00f1os refugiados | FAMPA Castell\u00f3 Penyagolosa<\/title>\n<meta name=\"robots\" content=\"index, follow, max-snippet:-1, max-image-preview:large, max-video-preview:-1\" \/>\n<link rel=\"canonical\" href=\"https:\/\/fapacastello.com\/es\/2022\/03\/09\/fampa-castello-apoya-ninas-y-ninos-refugiados\/\" \/>\n<meta property=\"og:locale\" content=\"es_ES\" \/>\n<meta property=\"og:type\" content=\"article\" \/>\n<meta property=\"og:title\" content=\"FAMPA Castell\u00f3 apoya a ni\u00f1as y ni\u00f1os refugiados | FAMPA Castell\u00f3 Penyagolosa\" \/>\n<meta property=\"og:description\" content=\"Los centros de la provincia se preparan para recibir nuevo alumnado FAMPA Castell\u00f3 Penyagolosa apoya a las familias y menores que llegan a los municipios de la provincia e insta a la poblaci\u00f3n a fomentar la inclusi\u00f3n en todos los \u00e1mbitos, sobre todo el educativo. Las instituciones tienen que ser conscientes de que tienen que velar por el bienestar de los ni\u00f1os, ni\u00f1as y adolescentes y dar respuesta a sus necesidades. Por tanto, se tiene que prever ya como dar respuesta al aumento de la escolarizaci\u00f3n en esta recta final del curso. La federaci\u00f3n reivindica la urgencia de planificar la adaptaci\u00f3n de los menores, en la medida de lo posible, y de conseguir la plena inclusi\u00f3n. Por eso, es necesario que estas personas tengan la oportunidad de seguir form\u00e1ndose en una escuela, como defiende FAMPA Castell\u00f3, acogedora, inclusiva, abierta, p\u00fablica y de calidad. Finalmente, animamos a las familias a colaborar con la recogida solidaria en materia de ayuda humanitaria que realizan sus centros educativos (colegios, institutos) y los ayuntamientos, preferiblemente en puntos oficiales y centralizados.\" \/>\n<meta property=\"og:url\" content=\"https:\/\/fapacastello.com\/es\/2022\/03\/09\/fampa-castello-apoya-ninas-y-ninos-refugiados\/\" \/>\n<meta property=\"og:site_name\" content=\"FAMPA Castell\u00f3 Penyagolosa\" \/>\n<meta property=\"article:publisher\" content=\"http:\/\/www.facebook.com\/fapa.penyagolosa\" \/>\n<meta property=\"article:published_time\" content=\"2022-03-09T11:54:47+00:00\" \/>\n<meta property=\"article:modified_time\" content=\"2022-11-23T12:25:45+00:00\" \/>\n<meta property=\"og:image\" content=\"https:\/\/fapacastello.com\/wp-content\/uploads\/2016\/01\/CAS_ico_servicios_Comunicacion2.png\" \/>\n\t<meta property=\"og:image:width\" content=\"325\" \/>\n\t<meta property=\"og:image:height\" content=\"240\" \/>\n\t<meta property=\"og:image:type\" content=\"image\/png\" \/>\n<meta name=\"author\" content=\"FAMPA Castell\u00f3\" \/>\n<meta name=\"twitter:card\" content=\"summary\" \/>\n<meta name=\"twitter:creator\" content=\"@FAMPACS\" \/>\n<meta name=\"twitter:site\" content=\"@FAMPACS\" \/>\n<meta name=\"twitter:label1\" content=\"Escrito por\" \/>\n\t<meta name=\"twitter:data1\" content=\"FAMPA Castell\u00f3\" \/>\n\t<meta name=\"twitter:label2\" content=\"Tiempo de lectura\" \/>\n\t<meta name=\"twitter:data2\" content=\"1 minuto\" \/>\n<script type=\"application\/ld+json\" class=\"yoast-schema-graph\">{\"@context\":\"https:\/\/schema.org\",\"@graph\":[{\"@type\":\"WebSite\",\"@id\":\"http:\/\/fapacastello.com\/es\/#website\",\"url\":\"http:\/\/fapacastello.com\/es\/\",\"name\":\"FAMPA Castell\u00f3 Penyagolosa\",\"description\":\"Fapa-Castell\u00f3n Penyagolosa. Federaci\u00f3n de Asociaciones de Padres i Madres de Alumnos Provincia de Castell\u00f3n.\",\"potentialAction\":[{\"@type\":\"SearchAction\",\"target\":{\"@type\":\"EntryPoint\",\"urlTemplate\":\"http:\/\/fapacastello.com\/es\/?s={search_term_string}\"},\"query-input\":\"required name=search_term_string\"}],\"inLanguage\":\"es\"},{\"@type\":\"ImageObject\",\"inLanguage\":\"es\",\"@id\":\"https:\/\/fapacastello.com\/es\/2022\/03\/09\/fampa-castello-apoya-ninas-y-ninos-refugiados\/#primaryimage\",\"url\":\"https:\/\/fapacastello.com\/wp-content\/uploads\/2016\/01\/CAS_ico_servicios_Comunicacion2.png\",\"contentUrl\":\"https:\/\/fapacastello.com\/wp-content\/uploads\/2016\/01\/CAS_ico_servicios_Comunicacion2.png\",\"width\":325,\"height\":240},{\"@type\":\"WebPage\",\"@id\":\"https:\/\/fapacastello.com\/es\/2022\/03\/09\/fampa-castello-apoya-ninas-y-ninos-refugiados\/#webpage\",\"url\":\"https:\/\/fapacastello.com\/es\/2022\/03\/09\/fampa-castello-apoya-ninas-y-ninos-refugiados\/\",\"name\":\"FAMPA Castell\u00f3 apoya a ni\u00f1as y ni\u00f1os refugiados | FAMPA Castell\u00f3 Penyagolosa\",\"isPartOf\":{\"@id\":\"http:\/\/fapacastello.com\/es\/#website\"},\"primaryImageOfPage\":{\"@id\":\"https:\/\/fapacastello.com\/es\/2022\/03\/09\/fampa-castello-apoya-ninas-y-ninos-refugiados\/#primaryimage\"},\"datePublished\":\"2022-03-09T11:54:47+00:00\",\"dateModified\":\"2022-11-23T12:25:45+00:00\",\"author\":{\"@id\":\"http:\/\/fapacastello.com\/es\/#\/schema\/person\/86f53e5910d7f3bb3043eb3fc8d26b24\"},\"breadcrumb\":{\"@id\":\"https:\/\/fapacastello.com\/es\/2022\/03\/09\/fampa-castello-apoya-ninas-y-ninos-refugiados\/#breadcrumb\"},\"inLanguage\":\"es\",\"potentialAction\":[{\"@type\":\"ReadAction\",\"target\":[\"https:\/\/fapacastello.com\/es\/2022\/03\/09\/fampa-castello-apoya-ninas-y-ninos-refugiados\/\"]}]},{\"@type\":\"BreadcrumbList\",\"@id\":\"https:\/\/fapacastello.com\/es\/2022\/03\/09\/fampa-castello-apoya-ninas-y-ninos-refugiados\/#breadcrumb\",\"itemListElement\":[{\"@type\":\"ListItem\",\"position\":1,\"name\":\"Portada\",\"item\":\"http:\/\/fapacastello.com\/es\/\"},{\"@type\":\"ListItem\",\"position\":2,\"name\":\"FAMPA Castell\u00f3 apoya a ni\u00f1as y ni\u00f1os refugiados\"}]},{\"@type\":\"Person\",\"@id\":\"http:\/\/fapacastello.com\/es\/#\/schema\/person\/86f53e5910d7f3bb3043eb3fc8d26b24\",\"name\":\"FAMPA Castell\u00f3\",\"image\":{\"@type\":\"ImageObject\",\"inLanguage\":\"es\",\"@id\":\"http:\/\/fapacastello.com\/es\/#\/schema\/person\/image\/\",\"url\":\"https:\/\/secure.gravatar.com\/avatar\/87a02fc433e49c34d2373b461d32ea61?s=96&d=mm&r=g\",\"contentUrl\":\"https:\/\/secure.gravatar.com\/avatar\/87a02fc433e49c34d2373b461d32ea61?s=96&d=mm&r=g\",\"caption\":\"FAMPA Castell\u00f3\"},\"url\":\"https:\/\/fapacastello.com\/es\/author\/fapacas\/\"}]}<\/script>\n<!-- \/ Yoast SEO plugin. -->","yoast_head_json":{"title":"FAMPA Castell\u00f3 apoya a ni\u00f1as y ni\u00f1os refugiados | FAMPA Castell\u00f3 Penyagolosa","robots":{"index":"index","follow":"follow","max-snippet":"max-snippet:-1","max-image-preview":"max-image-preview:large","max-video-preview":"max-video-preview:-1"},"canonical":"https:\/\/fapacastello.com\/es\/2022\/03\/09\/fampa-castello-apoya-ninas-y-ninos-refugiados\/","og_locale":"es_ES","og_type":"article","og_title":"FAMPA Castell\u00f3 apoya a ni\u00f1as y ni\u00f1os refugiados | FAMPA Castell\u00f3 Penyagolosa","og_description":"Los centros de la provincia se preparan para recibir nuevo alumnado FAMPA Castell\u00f3 Penyagolosa apoya a las familias y menores que llegan a los municipios de la provincia e insta a la poblaci\u00f3n a fomentar la inclusi\u00f3n en todos los \u00e1mbitos, sobre todo el educativo. Las instituciones tienen que ser conscientes de que tienen que velar por el bienestar de los ni\u00f1os, ni\u00f1as y adolescentes y dar respuesta a sus necesidades. Por tanto, se tiene que prever ya como dar respuesta al aumento de la escolarizaci\u00f3n en esta recta final del curso. La federaci\u00f3n reivindica la urgencia de planificar la adaptaci\u00f3n de los menores, en la medida de lo posible, y de conseguir la plena inclusi\u00f3n. Por eso, es necesario que estas personas tengan la oportunidad de seguir form\u00e1ndose en una escuela, como defiende FAMPA Castell\u00f3, acogedora, inclusiva, abierta, p\u00fablica y de calidad. Finalmente, animamos a las familias a colaborar con la recogida solidaria en materia de ayuda humanitaria que realizan sus centros educativos (colegios, institutos) y los ayuntamientos, preferiblemente en puntos oficiales y centralizados.","og_url":"https:\/\/fapacastello.com\/es\/2022\/03\/09\/fampa-castello-apoya-ninas-y-ninos-refugiados\/","og_site_name":"FAMPA Castell\u00f3 Penyagolosa","article_publisher":"http:\/\/www.facebook.com\/fapa.penyagolosa","article_published_time":"2022-03-09T11:54:47+00:00","article_modified_time":"2022-11-23T12:25:45+00:00","og_image":[{"width":325,"height":240,"url":"https:\/\/fapacastello.com\/wp-content\/uploads\/2016\/01\/CAS_ico_servicios_Comunicacion2.png","type":"image\/png"}],"author":"FAMPA Castell\u00f3","twitter_card":"summary","twitter_creator":"@FAMPACS","twitter_site":"@FAMPACS","twitter_misc":{"Escrito por":"FAMPA Castell\u00f3","Tiempo de lectura":"1 minuto"},"schema":{"@context":"https:\/\/schema.org","@graph":[{"@type":"WebSite","@id":"http:\/\/fapacastello.com\/es\/#website","url":"http:\/\/fapacastello.com\/es\/","name":"FAMPA Castell\u00f3 Penyagolosa","description":"Fapa-Castell\u00f3n Penyagolosa. Federaci\u00f3n de Asociaciones de Padres i Madres de Alumnos Provincia de Castell\u00f3n.","potentialAction":[{"@type":"SearchAction","target":{"@type":"EntryPoint","urlTemplate":"http:\/\/fapacastello.com\/es\/?s={search_term_string}"},"query-input":"required name=search_term_string"}],"inLanguage":"es"},{"@type":"ImageObject","inLanguage":"es","@id":"https:\/\/fapacastello.com\/es\/2022\/03\/09\/fampa-castello-apoya-ninas-y-ninos-refugiados\/#primaryimage","url":"https:\/\/fapacastello.com\/wp-content\/uploads\/2016\/01\/CAS_ico_servicios_Comunicacion2.png","contentUrl":"https:\/\/fapacastello.com\/wp-content\/uploads\/2016\/01\/CAS_ico_servicios_Comunicacion2.png","width":325,"height":240},{"@type":"WebPage","@id":"https:\/\/fapacastello.com\/es\/2022\/03\/09\/fampa-castello-apoya-ninas-y-ninos-refugiados\/#webpage","url":"https:\/\/fapacastello.com\/es\/2022\/03\/09\/fampa-castello-apoya-ninas-y-ninos-refugiados\/","name":"FAMPA Castell\u00f3 apoya a ni\u00f1as y ni\u00f1os refugiados | FAMPA Castell\u00f3 Penyagolosa","isPartOf":{"@id":"http:\/\/fapacastello.com\/es\/#website"},"primaryImageOfPage":{"@id":"https:\/\/fapacastello.com\/es\/2022\/03\/09\/fampa-castello-apoya-ninas-y-ninos-refugiados\/#primaryimage"},"datePublished":"2022-03-09T11:54:47+00:00","dateModified":"2022-11-23T12:25:45+00:00","author":{"@id":"http:\/\/fapacastello.com\/es\/#\/schema\/person\/86f53e5910d7f3bb3043eb3fc8d26b24"},"breadcrumb":{"@id":"https:\/\/fapacastello.com\/es\/2022\/03\/09\/fampa-castello-apoya-ninas-y-ninos-refugiados\/#breadcrumb"},"inLanguage":"es","potentialAction":[{"@type":"ReadAction","target":["https:\/\/fapacastello.com\/es\/2022\/03\/09\/fampa-castello-apoya-ninas-y-ninos-refugiados\/"]}]},{"@type":"BreadcrumbList","@id":"https:\/\/fapacastello.com\/es\/2022\/03\/09\/fampa-castello-apoya-ninas-y-ninos-refugiados\/#breadcrumb","itemListElement":[{"@type":"ListItem","position":1,"name":"Portada","item":"http:\/\/fapacastello.com\/es\/"},{"@type":"ListItem","position":2,"name":"FAMPA Castell\u00f3 apoya a ni\u00f1as y ni\u00f1os refugiados"}]},{"@type":"Person","@id":"http:\/\/fapacastello.com\/es\/#\/schema\/person\/86f53e5910d7f3bb3043eb3fc8d26b24","name":"FAMPA Castell\u00f3","image":{"@type":"ImageObject","inLanguage":"es","@id":"http:\/\/fapacastello.com\/es\/#\/schema\/person\/image\/","url":"https:\/\/secure.gravatar.com\/avatar\/87a02fc433e49c34d2373b461d32ea61?s=96&d=mm&r=g","contentUrl":"https:\/\/secure.gravatar.com\/avatar\/87a02fc433e49c34d2373b461d32ea61?s=96&d=mm&r=g","caption":"FAMPA Castell\u00f3"},"url":"https:\/\/fapacastello.com\/es\/author\/fapacas\/"}]}},"_links":{"self":[{"href":"https:\/\/fapacastello.com\/es\/wp-json\/wp\/v2\/posts\/7839"}],"collection":[{"href":"https:\/\/fapacastello.com\/es\/wp-json\/wp\/v2\/posts"}],"about":[{"href":"https:\/\/fapacastello.com\/es\/wp-json\/wp\/v2\/types\/post"}],"author":[{"embeddable":true,"href":"https:\/\/fapacastello.com\/es\/wp-json\/wp\/v2\/users\/5"}],"replies":[{"embeddable":true,"href":"https:\/\/fapacastello.com\/es\/wp-json\/wp\/v2\/comments?post=7839"}],"version-history":[{"count":4,"href":"https:\/\/fapacastello.com\/es\/wp-json\/wp\/v2\/posts\/7839\/revisions"}],"predecessor-version":[{"id":7843,"href":"https:\/\/fapacastello.com\/es\/wp-json\/wp\/v2\/posts\/7839\/revisions\/7843"}],"wp:featuredmedia":[{"embeddable":true,"href":"https:\/\/fapacastello.com\/es\/wp-json\/wp\/v2\/media\/4042"}],"wp:attachment":[{"href":"https:\/\/fapacastello.com\/es\/wp-json\/wp\/v2\/media?parent=7839"}],"wp:term":[{"taxonomy":"category","embeddable":true,"href":"https:\/\/fapacastello.com\/es\/wp-json\/wp\/v2\/categories?post=7839"},{"taxonomy":"post_tag","embeddable":true,"href":"https:\/\/fapacastello.com\/es\/wp-json\/wp\/v2\/tags?post=7839"}],"curies":[{"name":"wp","href":"https:\/\/api.w.org\/{rel}","templated":true}]}}